{"id":1077,"date":"2011-08-19T18:11:21","date_gmt":"2011-08-19T17:11:21","guid":{"rendered":"http:\/\/www.berliner-baerenfreunde.de\/web\/?p=1077"},"modified":"2012-04-22T08:48:40","modified_gmt":"2012-04-22T07:48:40","slug":"jubilaum-72-jahre-barenzwinger","status":"publish","type":"post","link":"https:\/\/www.berliner-baerenfreunde.de\/web\/jubilaum-72-jahre-barenzwinger\/","title":{"rendered":"Der B\u00e4renzwinger im K\u00f6llnischen Park"},"content":{"rendered":"<p>Am 17. August 1939 wurde der B\u00e4renzwinger an die Stadt Berlin \u00fcbergeben.<!--more-->Der B\u00e4renzwinger am K\u00f6llnischen Park<\/p>\n<p>Am 17. August 1939, also vor genau vor 72 Jahren, wurde der B\u00e4renzwinger im K\u00f6llnischen Park\u00c2\u00a0mit vier Braunb\u00e4ren der Stadt Berlin \u00fcbergeben. Zur 700. Jahrfeier Berlins entstand der Wunsch in der Bev\u00f6lkerung, ein lebendiges Wappentier in der Stadt zu haben. Der B\u00e4renzwinger entstand aus einem ehemaligen Stra\u00dfenreinigungsgeb\u00e4ude.Das Geb\u00e4ude wurde durch Ludwig Hoffmann erbaut und von 1937-1939 durch den Architekten Georg Lorenz umgebaut. Auf der Website des Vereins\u00c2\u00a0wird \u00fcber die Er\u00f6ffnung des B\u00e4renzwingers im August 1939 durch seine Tochter Frau Eis, die als Zeitzeugin dabei war, berichtet. Sie erfahren viele interessante Details von der Er\u00f6ffnungsfeier. <a href=\"https:\/\/www.berliner-baerenfreunde.de\/web\/?page_id=819\">Klicken Sie hier, um zu dem Artikel zu gelangen.<\/a><\/p>\n<p>Am Mittwoch, den 17. August 2011, stellte der Verein der Berliner B\u00e4renfreunde e.V. bei sch\u00f6nstem Sommerwetter zwischen 11:00 und 12:30 Uhr seine ehrenamtliche und engagierte Arbeit einem breitem Publikum vor. Es wurden den Besuchern die Ergebnisse der Vereinsarbeit pr\u00e4sentiert und wer mit offenen Augen durch sein Berlin geht wird auch neue B\u00e4ren in Form einer Skulptur, Reliefs, Brunnen oder Firmenlogos entdecken k\u00f6nnen. Herr Bathe und Frau Junge berichteten in pers\u00f6nlichen Gespr\u00e4chen \u00fcber die Arbeit des Vereins.<\/p>\n<p>Wir hatten uns zudem mit einer Gruppe von Theatermachern aus Berlin verabredet, die dieses Jahr in Frankfurt (Oder) und Berlin ein Kleist-Theaterprojekt im Rahmen des Kleist-Jahres planen.\u00c2\u00a0Sie hatten gro\u00dfes Interesse daran, etwas \u00fcber die Gewohnheiten, die Grazie, aber auch die Gefahr von B\u00e4ren zu erfahren, die auch Kleist in einigen Werken fasziniert hat. Es wurde ein sehr interessantes und informatives Gespr\u00e4ch, das uns auch die Arbeit der jungen Theatermacher n\u00e4her gebracht hat.<\/p>\n<p>Auch der bekannte 90-J\u00e4hrige, r\u00fcstige Julius (Jonny) Markschiess van Trix drehte in seinem Kiez eine Runde und blieb auf einen \u201eSchwatz\u201c bei den B\u00e4renfreunden. Berlin hat ihm viel zu verdanken.\u00c2\u00a0Er ist ein leidenschaftlicher Dokumentar der Artistenwelt, war Gr\u00fcnder der Artistenschule, Archivar des Friedrichstadtpalastes, Claire-Waldoff-Chronist, Gr\u00fcnder der &#8222;documenta artistica&#8220; beim M\u00e4rkischen Museum &#8211; und ist nicht zuletzt ein gro\u00dfartiger Erz\u00e4hler. Wir haben uns sehr gefreut, ihn zu sehen und zu sprechen.<\/p>\n<p>Die B\u00e4ren befinden sich im gesetzten Alter und ihre Fressgewohnheiten haben sich inzwischen ver\u00e4ndert.\u00c2\u00a0Es kann immer passieren, dass Maxi und Schnute nicht zu sehen sind, da sie sich jeder Zeit zur\u00fcckziehen k\u00f6nnen, wenn sie es m\u00f6chten. Wir als Verein haben Verst\u00e4ndnis daf\u00fcr.\u00c2\u00a0Viele B\u00e4renfreunde hatten den 17. August in ihrem Kalender eingetragen und so kamen sehr viele Besucher. Sie brachten zu diesem Anlass f\u00fcr die B\u00e4ren Leckereien mit und gaben sie bei den B\u00e4renpflegerinnen ab.<\/p>\n<p>Auch der neu \u00fcberarbeitete Flyer zur Geschichte der Berliner B\u00e4ren im K\u00f6llnischen Park kam gut bei den Freunden des Vereins und den Berlin Besuchern an. Internationale G\u00e4ste bekamen den Hinweis auf den Download in englischer Sprache auf der Website des Vereins.<\/p>\n<p>Maxi und Schnute haben sich heute bei dem sch\u00f6nen Sommerwetter in den Schatten zur\u00fcckgezogen und hielten Siesta. Sie lie\u00dfen sich von den vielen Besuchern nicht st\u00f6ren. Gegen 12:30 Uhr wurde Maxi munter und so entstanden noch einige Fotos mit ihr.<\/p>\n<p>Vielen Dank an alle Besucher, dass Sie sich Zeit f\u00fcr die Berliner B\u00e4ren genommen haben.<\/p>\n<p><em>(Christa Junge)<\/em><\/p>\n","protected":false},"excerpt":{"rendered":"<p>Am 17. August 1939 wurde der B\u00e4renzwinger an die Stadt Berlin \u00fcbergeben.<\/p>\n","protected":false},"author":1,"featured_media":0,"comment_status":"closed","ping_status":"open","sticky":false,"template":"","format":"standard","meta":{"ngg_post_thumbnail":0,"footnotes":""},"categories":[2,28],"tags":[],"class_list":["post-1077","post","type-post","status-publish","format-standard","hentry","category-barenzwinger","category-jahr-2011"],"_links":{"self":[{"href":"https:\/\/www.berliner-baerenfreunde.de\/web\/wp-json\/wp\/v2\/posts\/1077","targetHints":{"allow":["GET"]}}],"collection":[{"href":"https:\/\/www.berliner-baerenfreunde.de\/web\/wp-json\/wp\/v2\/posts"}],"about":[{"href":"https:\/\/www.berliner-baerenfreunde.de\/web\/wp-json\/wp\/v2\/types\/post"}],"author":[{"embeddable":true,"href":"https:\/\/www.berliner-baerenfreunde.de\/web\/wp-json\/wp\/v2\/users\/1"}],"replies":[{"embeddable":true,"href":"https:\/\/www.berliner-baerenfreunde.de\/web\/wp-json\/wp\/v2\/comments?post=1077"}],"version-history":[{"count":13,"href":"https:\/\/www.berliner-baerenfreunde.de\/web\/wp-json\/wp\/v2\/posts\/1077\/revisions"}],"predecessor-version":[{"id":1286,"href":"https:\/\/www.berliner-baerenfreunde.de\/web\/wp-json\/wp\/v2\/posts\/1077\/revisions\/1286"}],"wp:attachment":[{"href":"https:\/\/www.berliner-baerenfreunde.de\/web\/wp-json\/wp\/v2\/media?parent=1077"}],"wp:term":[{"taxonomy":"category","embeddable":true,"href":"https:\/\/www.berliner-baerenfreunde.de\/web\/wp-json\/wp\/v2\/categories?post=1077"},{"taxonomy":"post_tag","embeddable":true,"href":"https:\/\/www.berliner-baerenfreunde.de\/web\/wp-json\/wp\/v2\/tags?post=1077"}],"curies":[{"name":"wp","href":"https:\/\/api.w.org\/{rel}","templated":true}]}}