{"id":12398,"date":"2018-10-21T16:09:24","date_gmt":"2018-10-21T14:09:24","guid":{"rendered":"https:\/\/www.berliner-baerenfreunde.de\/web\/?p=12398"},"modified":"2018-10-31T08:57:53","modified_gmt":"2018-10-31T07:57:53","slug":"bad-koesen-es-stellt-sich-heraus-steinmetzarbeit-spiegelt-das-original-eines-autobahn-baeren","status":"publish","type":"post","link":"https:\/\/www.berliner-baerenfreunde.de\/web\/bad-koesen-es-stellt-sich-heraus-steinmetzarbeit-spiegelt-das-original-eines-autobahn-baeren\/","title":{"rendered":"Wappentier Bad K\u00f6sens Berliner B\u00e4r"},"content":{"rendered":"<p>Steinmetzarbeit spiegelt das Original eines Autobahn-B\u00e4ren.<\/p>\n<p><!--more--><\/p>\n<p><a href=\"http:\/\/Naumburger Tageblatt\">Naumburger Tageblatt<\/a>&nbsp; \/ <a href=\"http:\/\/Mitteldeutsche Zeitung\">Mitteldeutsche Zeitung<\/a><\/p>\n<p>21. Oktober 2018<\/p>\n<p>Bad K\u00f6sen &#8211; Es stellt sich heraus: Steinmetzarbeit spiegelt das Original eines Autobahn-B\u00e4ren<\/p>\n<p>VON MICHAEL HEISE<\/p>\n<p>BAD K\u00d6SEN &#8211; Wenn Anka aus dem Bad K\u00f6sener Tierpark eine Berlinerin w\u00e4r\u2019, w\u00fcrden ihr an dieser Stelle erneut einige Zeilen gewidmet. Doch um sie geht es diesmal nicht, vielmehr um einen Artverwandten, ein in Stein gehauenes Exemplar mit Symbolkraft: den Berliner B\u00e4ren an einem Haus in der Bad K\u00f6sener Hufelandstra\u00dfe 1. Warum das aus DDR-Zeiten stammende Relief pl\u00f6tzlich so interessant ist?<\/p>\n<p>Der Verein der Berliner B\u00e4renfreunde, der sich Geschichte und Gegenwart des Hauptstadt-Wappentieres verschrieben hat, ist durch den Naumburger Helmut Schneider auf den Berliner B\u00e4r in Bad K\u00f6sen aufmerksam gemacht worden.<\/p>\n<p><strong>Warum solch\u2019 Wandschmuck <\/strong><\/p>\n<p>Bei Vereinsvorsitzender Christa Junge stie\u00df seine Mitteilung auf gro\u00dfes Interesse: \u201eAls ich das Foto des B\u00e4ren sah, wusste ich es sofort. Es ist eindeutig ein Berliner B\u00e4r, er tr\u00e4gt die Krone &#8211; die Stadtmauer &#8211; und geht nach links. Entfernt erinnert mich der B\u00e4r an die Autobahnb\u00e4ren am Berliner Ring.\u201c<\/p>\n<p>Weltweit B\u00e4renskulpturen, Brunnen, Reliefs und Logos aufzusp\u00fcren, zu katalogisieren und zu archivieren, seien wichtige Aufgaben des Vereins. Jeder B\u00e4r weltweit in Bezug zu Berlin geh\u00f6re dazu. Auch der in Bad K\u00f6sen. \u201eDoch bleibt f\u00fcr uns die Frage bislang unbeantwortet, wieso sich Berlins Wappentier gerade an einem Haus in Bad K\u00f6sen wiederfindet, sich der Besitzer f\u00fcr den ganz speziellen Wandschmuck entschieden hat\u201c, so die Vereinsvorsitzende.<\/p>\n<p>Helmut Schneider, der ein \u201eArchiv f\u00fcr Autobahn- und Stra\u00dfengeschichte\u201c pflegt und sich f\u00fcr den Verein in die Spur machte, um den einstigen Besitzer des Hauses, Ekkehard Seyfarth &#8211; in der Region auch als Millionen- Seyfarth bekannt -, ausfindig zu machen, verliefen allerdings im Sande. \u201eWir kommen mit der Recherche leider nicht weiter\u201c, schreibt Christa Junge an das Naumburger Tageblatt\/MZ und bittet um Hilfe. Ein Aufruf findet sich auch auf der vereinseigenen Internetseite wieder. ngg_shortcode_0_placeholder Foto \u00a9 Helmut Schneider, Naumburg<\/p>\n<p><strong>Verbundenheit zu Berlin<\/strong><\/p>\n<p>Doch es gibt Informationen. Tageblatt\/ MZ gelang es, Ekkehard Seyfarths Sohn Michael Zahn zu kontaktieren, der in den 1970er-Jahren, als das Haus gebaut wurde, als Kind immer mit auf die Baustelle musste. \u201eWir wohnten damals in Naumburg, und ich hatte in Bad K\u00f6sen immer zu helfen\u201c, erz\u00e4hlt Zahn. Und wieso ein Berliner B\u00e4r an der Hauswand? Zahn wei\u00df es so: \u201eMein Vater arbeitete viele Jahre als Elektriker beim Fernsehfunk der DDR, zudem hatte seine Mutter bis zu ihrem Tode in Berlin gelebt. Daher resultierte eine starke Verbundenheit zur Stadt, die sich beim Bau des Hauses eben in diesem Relief niederschlug.\u201c<\/p>\n<p>Und: Vorbild f\u00fcr dieses war tats\u00e4chlich einer der B\u00e4ren am Berliner Ring, genauer jener am Autobahndreieck Potsdam der A9. \u201eDie Darstellung in Bad K\u00f6sen ist in Originalgr\u00f6\u00dfe. Mein Vater hat selbst die Ma\u00dfe an der Autobahn abgenommen\u201c, erinnert sich Zahn, der heute in Berlin lebt. Das Relief sei aus drei Teilen an der Wand angebracht und dann entsprechend ringsherum verkleidet worden. Zum Steinmetz konnte Zahn keine Angaben machen. Der Original-B\u00e4r jedenfalls stammt aus der Mitte der 1930er-Jahre, als die Br\u00fccke errichtet worden war.<\/p>\n<p>Und ihn gibt es heute noch, nicht nur als Kopie in Bad K\u00f6sen, sondern als Original. Helmut Schneider: \u201eDas Relief ist im Zuge des Ausbaus des Berliner Ringes und der Autobahn 9 vor der neuen Br\u00fccke separat aufgestellt worden.\u201c Technisch sei das kein gro\u00dfes Problem gewesen, denn die Kalksteinplatten waren lediglich Verkleidung und konnten leicht geborgen werden.<\/p>\n<p><strong>\u00dcber 120 \u201eMeilensteine\u201c<\/strong><\/p>\n<p>Nichts zu tun hat der eine wie der andere B\u00e4r im \u00dcbrigen mit der heutigen Fischhausbr\u00fccke in Schulpforte, die ja auch von der Autobahn 9 stammt. Diese aber war eine Fu\u00dfg\u00e4ngerbr\u00fccke am bekannten Interzonen-Rastplatz Michendorf. 1998 ist sie nach ihrem Abriss an der A9 in Schulpforte aufgestellt worden.<\/p>\n<p>Der Bad K\u00f6sener Berliner B\u00e4r jedenfalls erg\u00e4nzt nun die umfangreichen Recherchen des Vereins Berliner B\u00e4renfreunde, der \u00fcber 120 solcher \u201eBerliner Meilensteine\u201c bereits detailliert erkunden konnte, insgesamt 250 sind ihm bekannt. Christa Junge freut sich: \u201eDas ist ein sch\u00f6nes Ergebnis, das wieder ein St\u00fcck Geschichte um den Berliner B\u00e4ren erhellt.\u201c<\/p>\n<p>&nbsp;<\/p>\n<p>Wir danken Herrn Michael Heise vom Naumburger Tageblatt f\u00fcr seine freundliche Unterst\u00fctzung und die Freigabe des Artikels, so konnten fast alle offenen Fragen zu dem Berliner B\u00e4r in Bad K\u00f6sen beantwortet werden.<\/p>\n<p>Eine noch offene Frage, welcher Steinmetz den Berliner B\u00e4ren gestaltet hat, konnte Ekkehard Seyfarth nachtr\u00e4glich Herrn Michael Heise beantworten. Den Berliner B\u00e4ren hat ein &#8211; inzwischen verstorbener &#8211; Steinmetz Werner Cebulla aus Freyburg\/Unstrut ausgef\u00fchrt.<\/p>\n<p>Es k\u00f6nnen aber noch andere Gemeinden und St\u00e4dte einen Berliner B\u00e4ren oder einen Berliner Meilenstein haben, die uns nicht bekannt sind. Vielleicht sind Ihnen noch andere Berliner B\u00e4ren oder BM bekannt, wir freuen uns \u00fcber jeden Hinweis.<\/p>\n<p>Christa Junge, Vorsitzende<\/p>\n","protected":false},"excerpt":{"rendered":"<p>Steinmetzarbeit spiegelt das Original eines Autobahn-B\u00e4ren.<\/p>\n","protected":false},"author":3,"featured_media":0,"comment_status":"closed","ping_status":"open","sticky":false,"template":"","format":"standard","meta":{"ngg_post_thumbnail":0,"footnotes":""},"categories":[1,245,23,237,3],"tags":[],"class_list":["post-12398","post","type-post","status-publish","format-standard","hentry","category-allgemein","category-bad-koesen","category-berliner-bar","category-jahr-2018","category-topthema"],"_links":{"self":[{"href":"https:\/\/www.berliner-baerenfreunde.de\/web\/wp-json\/wp\/v2\/posts\/12398","targetHints":{"allow":["GET"]}}],"collection":[{"href":"https:\/\/www.berliner-baerenfreunde.de\/web\/wp-json\/wp\/v2\/posts"}],"about":[{"href":"https:\/\/www.berliner-baerenfreunde.de\/web\/wp-json\/wp\/v2\/types\/post"}],"author":[{"embeddable":true,"href":"https:\/\/www.berliner-baerenfreunde.de\/web\/wp-json\/wp\/v2\/users\/3"}],"replies":[{"embeddable":true,"href":"https:\/\/www.berliner-baerenfreunde.de\/web\/wp-json\/wp\/v2\/comments?post=12398"}],"version-history":[{"count":24,"href":"https:\/\/www.berliner-baerenfreunde.de\/web\/wp-json\/wp\/v2\/posts\/12398\/revisions"}],"predecessor-version":[{"id":12435,"href":"https:\/\/www.berliner-baerenfreunde.de\/web\/wp-json\/wp\/v2\/posts\/12398\/revisions\/12435"}],"wp:attachment":[{"href":"https:\/\/www.berliner-baerenfreunde.de\/web\/wp-json\/wp\/v2\/media?parent=12398"}],"wp:term":[{"taxonomy":"category","embeddable":true,"href":"https:\/\/www.berliner-baerenfreunde.de\/web\/wp-json\/wp\/v2\/categories?post=12398"},{"taxonomy":"post_tag","embeddable":true,"href":"https:\/\/www.berliner-baerenfreunde.de\/web\/wp-json\/wp\/v2\/tags?post=12398"}],"curies":[{"name":"wp","href":"https:\/\/api.w.org\/{rel}","templated":true}]}}