{"id":12721,"date":"2018-12-18T14:14:10","date_gmt":"2018-12-18T13:14:10","guid":{"rendered":"https:\/\/www.berliner-baerenfreunde.de\/web\/?p=12721"},"modified":"2019-01-09T16:51:11","modified_gmt":"2019-01-09T15:51:11","slug":"uwe-tabatt-baerige-angelegenheiten-berliner-herz-mit-schnauze","status":"publish","type":"post","link":"https:\/\/www.berliner-baerenfreunde.de\/web\/uwe-tabatt-baerige-angelegenheiten-berliner-herz-mit-schnauze\/","title":{"rendered":"\u201eUwe Tabatt &#8211; B\u00e4rige Angelegenheiten &#8211; Berliner Herz mit Schnauze\u201c"},"content":{"rendered":"<p><strong>Kunstausstellung bei Karstadt in Charlottenburg <\/strong><\/p>\n<p><!--more--><\/p>\n<p>Uwe Tabatt &#8211; Berlin und ein verschmitzter Blick auf den Berliner B\u00e4ren<\/p>\n<p>Am 15. Dezember 2018 waren Sigrid Schuldt und ich, Christa Junge, p\u00fcnktlich zur Er\u00f6ffnung des K\u00fcnstlertreffs <em>um 11.30 Uhr im Restaurant, &nbsp; &nbsp; &nbsp; 4. Etage<\/em>. Die Ausstellung ist bei Karstadt in Charlottenburg und wir wurden gleich vor dem Eingang im linken Schaufenster, mit einem Blick auf die Bilder von Uwe Tabatt, begr\u00fc\u00dft.<\/p>\nngg_shortcode_0_placeholder\n<p>Es ist der letzte Treff in diesem Jahr und viele Besucher kennen sich inzwischen vom Sehen und auch pers\u00f6nlich. Ich freue mich bei den Besuchen seiner Ausstellungen auf Uwe Tabatt und seine Frau. Sie sind beide sehr offen f\u00fcr die Fragen der Besucher. Wir begr\u00fc\u00dften uns herzlich und kamen kurz ins Gespr\u00e4ch. Es waren schon viele Besucher, Kunstliebhaber und Freunde des K\u00fcnstlers anwesend.<\/p>\n<p>Uwe Tabatt hat uns mit der Zusammenstellung seiner Bilder erneut \u00fcberraschen k\u00f6nnen, viele sind vertraut, aber es gab auch einige neue Bilder. Ich bin von seiner Leidenschaft, den Berliner B\u00e4r und Brandenburger Adler in einem Wechselspiel mit einem verschmitzten Blick auf das Leben mit seinem \u201eStolperstellen\u201c darzustellen, einfach nur begeistert. Er gibt in seinen Bildern Denkanst\u00f6\u00dfe, er hat das Gesp\u00fcr f\u00fcr das Besondere, das erst durch ihn zum Besonderen wird. Beim genauen Hinsehen sind seine Bilder stets mit einer Prise Humor und Ironie gew\u00fcrzt.<\/p>\n<p>Als Vision\u00e4r betrachtet Uwe Tabatt ins besonders seine Heimatstadt Berlin aus den verschiedensten Blickwinkeln, um sie sp\u00e4ter in seinen Werken neu entstehen zu lassen. Der Berliner B\u00e4r mit seinen neuen Entdeckungen, sowie dem Allt\u00e4glichem steht stellvertretend f\u00fcr die Besucher und Einwohner der Stadt. Platz des Geschehens sind Sehensw\u00fcrdigkeiten und Pl\u00e4tze mitten in Berlin.<\/p>\n<p>Die K\u00fcnstlerin Frau Weber spielte Saxophon und unterhielt die Besucher mit ihrer Musik, sie erhielt daf\u00fcr viel Beifall.<\/p>\n<p>Inzwischen gab es f\u00fcr die Besucher der Ausstellung ein Glas Sekt oder ein anderes Getr\u00e4nk. &nbsp;<\/p>\n<p>Als erster Redner sprach Torsten Dunkelmann, Filialgesch\u00e4ftsf\u00fchrer. Er begr\u00fc\u00dfte die zahlreichen Besucher und Uwe Tabatt, zu seinem K\u00fcnstlertreff bei Karstadt in Charlottenburg, der \u00e4ltesten Filiale in Berlin. Er bedankte sich bei dem K\u00fcnstler Uwe Tabatt, der seine Bilder noch bis zum 19. Januar 2019 ausstellt, sprach \u00fcber die Bilder, die bei genauem Hinsehen den Besucher neugierig machen wird.<\/p>\n<p>Als n\u00e4chster ergriff Frank Jahnke, Mitglied des Abgeordnetenhauses von Berlin, Wirtschafts- und Kulturpolitischer Sprecher der SPD Fraktion, das Mikrofon. Er war mit Ideengeber, dass Uwe Tabatt bei Karstadt seine Bilder ausstellen kann. Er machte den K\u00fcnstler und Torsten Dunkelmann bekannt und nach sechs Monaten hat es geklappt. Heute wird die Ausstellung mit dem K\u00fcnstlertreff er\u00f6ffnet.<\/p>\n<p>Uwe Tabatt ergriff als letzter Redner das Wort, er bedankte sich bei allen, die diese Ausstellung m\u00f6glich machten und brachte seine Freude zum Ausdruck, dass so viele Besucher seine Ausstellung besuchen. Er w\u00fcnschte allen noch eine sch\u00f6ne Zeit. Die Besucher, konnten sich mit ihren Fragen zu seinen einzelnen Arbeiten direkt an ihn zu wenden, das wurde auch ausf\u00fchrlich genutzt.<\/p>\n<p>Uwe Tabatt, geboren 1966 in Berlin und seit 1990 als K\u00fcnstler t\u00e4tig. Seine Bilder sind in regelm\u00e4\u00dfigen Ausstellungen seit 1990 in Galerien, Bundesministerien, Landtagen, im Museum des Schloss Oranienburg und aktuell in der Berliner Galerie Makowski und auf der Art Miami vertreten.<\/p>\n<p>Bei Karstadt in der Wilmersdorfer Stra\u00dfe 118 sind ein Teil seiner Wappentiere im Original und als Drucke auf Leinwand, noch bis zum 19. Januar 2019 zu sehen und zu erwerben.<\/p>\n<p>Christa Junge<\/p>\n<p>&nbsp;<\/p>\n<p>Karstadt Warenhaus GmbH, Wilmersdorfer Str. 118, 10623 Berlin-Charlottenburg<\/p>\nngg_shortcode_1_placeholder\n","protected":false},"excerpt":{"rendered":"<p>Kunstausstellung bei Karstadt in Charlottenburg<\/p>\n","protected":false},"author":3,"featured_media":0,"comment_status":"closed","ping_status":"open","sticky":false,"template":"","format":"standard","meta":{"ngg_post_thumbnail":0,"footnotes":""},"categories":[1,23,46,237,265,49,3,224],"tags":[],"class_list":["post-12721","post","type-post","status-publish","format-standard","hentry","category-allgemein","category-berliner-bar","category-brandenburger-adler","category-jahr-2018","category-karstadt-berlin-charlottenburg","category-kunstler","category-topthema","category-uwe-tabatt"],"_links":{"self":[{"href":"https:\/\/www.berliner-baerenfreunde.de\/web\/wp-json\/wp\/v2\/posts\/12721","targetHints":{"allow":["GET"]}}],"collection":[{"href":"https:\/\/www.berliner-baerenfreunde.de\/web\/wp-json\/wp\/v2\/posts"}],"about":[{"href":"https:\/\/www.berliner-baerenfreunde.de\/web\/wp-json\/wp\/v2\/types\/post"}],"author":[{"embeddable":true,"href":"https:\/\/www.berliner-baerenfreunde.de\/web\/wp-json\/wp\/v2\/users\/3"}],"replies":[{"embeddable":true,"href":"https:\/\/www.berliner-baerenfreunde.de\/web\/wp-json\/wp\/v2\/comments?post=12721"}],"version-history":[{"count":17,"href":"https:\/\/www.berliner-baerenfreunde.de\/web\/wp-json\/wp\/v2\/posts\/12721\/revisions"}],"predecessor-version":[{"id":13221,"href":"https:\/\/www.berliner-baerenfreunde.de\/web\/wp-json\/wp\/v2\/posts\/12721\/revisions\/13221"}],"wp:attachment":[{"href":"https:\/\/www.berliner-baerenfreunde.de\/web\/wp-json\/wp\/v2\/media?parent=12721"}],"wp:term":[{"taxonomy":"category","embeddable":true,"href":"https:\/\/www.berliner-baerenfreunde.de\/web\/wp-json\/wp\/v2\/categories?post=12721"},{"taxonomy":"post_tag","embeddable":true,"href":"https:\/\/www.berliner-baerenfreunde.de\/web\/wp-json\/wp\/v2\/tags?post=12721"}],"curies":[{"name":"wp","href":"https:\/\/api.w.org\/{rel}","templated":true}]}}