{"id":12882,"date":"2019-03-07T13:05:56","date_gmt":"2019-03-07T12:05:56","guid":{"rendered":"https:\/\/www.berliner-baerenfreunde.de\/web\/?p=12882"},"modified":"2019-03-31T20:03:59","modified_gmt":"2019-03-31T18:03:59","slug":"worlding-it-otherwise-or-else-neu-im-berliner-baerenzwinger","status":"publish","type":"post","link":"https:\/\/www.berliner-baerenfreunde.de\/web\/worlding-it-otherwise-or-else-neu-im-berliner-baerenzwinger\/","title":{"rendered":"Worlding it Otherwise or Else,  neu im Berliner B\u00e4renzwinger"},"content":{"rendered":"<p>Ausstellung im Berliner B\u00e4renzwinger ab 14.2. &#8211; 28.4.2019<\/p>\n<p><!--more--><\/p>\n<p>Am 14. Februar 2019, um 19 Uhr fand die Er\u00f6ffnung der Ausstellung \u201eWorlding it Otherwise or Else\u201c im Berliner B\u00e4renzwinger statt.<\/p>\n<p>Schon vor Beginn der Ausstellung kamen viele interessierte Besucher und Freunde der ausstellenden K\u00fcnstler um die neuen Objekte zu besichtigen und zu bestaunen.<\/p>\n<p>Frau Dr. Ute M\u00fcller-Tischler begr\u00fc\u00dfte die Besucher mit freundlichen Worten und bedankte sich bei den K\u00fcnstlerinnen f\u00fcr die gelungene Ausstellung.<br \/>\nChristopher Weickenmeier sprach ebenfalls seinen Dank aus und gab noch erkl\u00e4rende Worte zur Ausstellung.<\/p>\n<p>Vier K\u00fcnstlerinnen &nbsp;Beth Collar, Stephanie Comilang , Magdalena Los und&nbsp; Anna M. Szarflaski \u00fcberraschten mich mit Ihren Arbeiten, die sich auch noch immer mit den Gegebenheiten des B\u00e4renzwingers auseinandersetzten.<\/p>\n<p>Als erstes fiel mir ein Bildschirm von Beth Collar im Badebecken der B\u00e4ren auf der rechten Freianlage auf. Im Dunkeln konnte ich nicht erkennen, ob sich noch Wasser darin befand. Da das Bild sehr verschwommen war, w\u00e4re das durchaus m\u00f6glich. Sie war selbst in allt\u00e4glichen Handlungen 2012 zu sehen, es ist ein Blick in die Vergangenheit.<\/p>\n<p>Ein weiteres Kunstobjektbefand sich am Baumstamm &#8211; neben dem Eingang zu den ehemaligen B\u00e4rengehengen.<\/p>\n<p>Im rechten B\u00e4rengehege befand sich ein Monitor auf dem eine Frau zu sehen war, die den Geist von Schnute beschw\u00f6rt, der letzten B\u00e4rin, die im Berliner B\u00e4renzwinger lebte. Schnute berichtet aus ihrer neuen Welt, wie sie in ihrem fr\u00fcheren Zuhause lebte.<\/p>\n<p>Im linken Gehege war ebenfalls ein Monitor, auf dem ein Film, aufgenommen durch eine Drohne, \u00fcber den Berliner B\u00e4renzwinger zu sehen war. Der Film war mit englischen Untertiteln. Einige Bilder davon konnte ich fotografieren.<\/p>\n<p>Die Videoarbeit, in der sich Stephanie Comilang mit Themen der Gemeinschaft&nbsp; und die Erinnerung unseres Ged\u00e4chtnisses&nbsp; in Bezug auf bestimmte Orte.<\/p>\n<p><em>Hier die \u00dcbersetzungen der Untertitel<\/em><\/p>\n<p>I am walking a lot, I am wandering a lot &#8211; Ich gehe viel, ich wandere viel<\/p>\n<p>Seeing how I spent my time &#8211; Zu sehen, wie ich meine Zeit verbrachte&nbsp;<\/p>\n<p>I could see what outside was &#8211;&nbsp; Ich konnte sehen, was drau\u00dfen war.<\/p>\n<p>Becouse I didn`t understand wath real outside was&nbsp; &#8211; weil ich nicht verstanden habe, was wirklich drau\u00dfen ist.<\/p>\n<p>I wanted to have flowers to smell &#8211; Ich wollte Blumen zum Riechen haben.<\/p>\n<p>My faforite spot was here in front&nbsp; &#8211; Mein Lieblingsplatz war hier vorne.<\/p>\n<p>To not distrub &#8211; Um nicht zu st\u00f6ren<\/p>\n<p>I knew too keep quiet &#8211; Ich wusste, dass ich schweigen musste.<\/p>\n<p>And I wasnt &#8211; Und ich war nicht<\/p>\n<p>Here I am for the last time &#8211; Hier bin ich zum letzten Mal.<\/p>\n<p>I am remembering now what it was like here &#8211; Ich erinnere mich jetzt daran, wie es hier war.<\/p>\n<p>Right now wehe I am &#8211; Im Moment bin ich es.<\/p>\n<p>In der Mitte des ehemaligen Arbeitsraumes der Pflegerinnen und des Pflegers stand ein ganz besonderes Objekt auf einem erh\u00f6hten Tisch. Es war der nachempfundene B\u00e4renzwinger von oben, das Haus war offen, fast wie ein Theater, gestaltet. Es erinnert an die Miniatur-Papiertheater des 19. Jahrhunderts und inszeniert als mystischen Ort. Der K\u00f6rper der K\u00fcnstlerin ist oft Schauplatz der Ber\u00fchrungen&nbsp; mit ihren Objekten. Besonders zu erkennen an den blauen H\u00e4nden. &nbsp;Es ist die Arbeit von Anna M. Saflarski.<\/p>\n<p>Magdalena Los hat ihre Armee von \u201eGardisten\u201c, so nennt sie die unz\u00e4hligen Objekte, im B\u00e4renzwinger untergebracht. Sie erz\u00e4hlen auch eine Geschichte. Dazu geh\u00f6ren Geen Screen, Tripods &nbsp;(Fotostative) und Teleprompter.<\/p>\n<p>Christa Junge<\/p>\nngg_shortcode_0_placeholder\n<p>22.03.2019 19 Uhr Book Launch \u201eB\u00e4renzwinger Berlin | Spuren &#8211; Architekturen &#8211; Projektionen\u201c<br \/>\n10.04.2019 19 Uhr TheorieMittwoch<br \/>\n28.04.2019 15 Uhr Gallery Weekend Special<\/p>\n<p>Kuration Ausstellung &amp; Veranstaltungen<br \/>\nMarie-Christin Lender, Christopher Weickenmeier, Evelyn Gregel, Nandita Vasanta<\/p>\n<p>Das ehemalige B\u00e4rengehege der Berliner Stadtb\u00e4ren ist seit September 2017 als Kulturort f\u00fcr ortsspezifische zeitgen\u00f6ssische Kunst in Berlin-Mitte ge\u00f6ffnet.<\/p>\n<p>Kontakt<\/p>\n<p>B\u00e4renzwinger, Im K\u00f6llnischen Park, 10179 Berlin<\/p>\n<p>+ 49 30 901 837 461<br \/>\n<a href=\"mailto:info@baerenzwinger.berlin\">info@baerenzwinger.berlin<\/a><\/p>\n<p>\u00d6ffnungszeiten<\/p>\n<p>Dienstag &#8211; Sonntag&nbsp; 12 &#8211; 18 Uhr<\/p>\n<p>Eintritt frei<\/p>\n<p>Verkehrsverbindungen<\/p>\n<p>U8 Heinrich-Heine Stra\u00dfe<br \/>\nU2 M\u00e4rkisches Museum<br \/>\nU+S Jannowitzbr\u00fccke<\/p>\n<p>Bus 165, 265, 248<\/p>\n<p>Der B\u00e4renzwinger ist barrierefrei erreichbar. G\u00e4ste mit Kommunikations- bzw. Assistenzhilfebedarf melden diesen bitte unter der Rufnummer + 49 30 901 837 461&nbsp;oder per E-Mail an <a href=\"mailto:info@baerenzwinger.berlin\">info@baerenzwinger.berlin an<\/a>.<\/p>\n<p>&nbsp;<\/p>\n","protected":false},"excerpt":{"rendered":"<p>Ausstellung im Berliner B\u00e4renzwinger ab 14.2. &#8211; 28.4.2019<\/p>\n","protected":false},"author":3,"featured_media":0,"comment_status":"closed","ping_status":"open","sticky":false,"template":"","format":"standard","meta":{"ngg_post_thumbnail":0,"footnotes":""},"categories":[1,157,266,49,3],"tags":[267],"class_list":["post-12882","post","type-post","status-publish","format-standard","hentry","category-allgemein","category-berliner-baerenzwinger","category-jahr-2019","category-kunstler","category-topthema","tag-jahr-2019"],"_links":{"self":[{"href":"https:\/\/www.berliner-baerenfreunde.de\/web\/wp-json\/wp\/v2\/posts\/12882","targetHints":{"allow":["GET"]}}],"collection":[{"href":"https:\/\/www.berliner-baerenfreunde.de\/web\/wp-json\/wp\/v2\/posts"}],"about":[{"href":"https:\/\/www.berliner-baerenfreunde.de\/web\/wp-json\/wp\/v2\/types\/post"}],"author":[{"embeddable":true,"href":"https:\/\/www.berliner-baerenfreunde.de\/web\/wp-json\/wp\/v2\/users\/3"}],"replies":[{"embeddable":true,"href":"https:\/\/www.berliner-baerenfreunde.de\/web\/wp-json\/wp\/v2\/comments?post=12882"}],"version-history":[{"count":7,"href":"https:\/\/www.berliner-baerenfreunde.de\/web\/wp-json\/wp\/v2\/posts\/12882\/revisions"}],"predecessor-version":[{"id":12937,"href":"https:\/\/www.berliner-baerenfreunde.de\/web\/wp-json\/wp\/v2\/posts\/12882\/revisions\/12937"}],"wp:attachment":[{"href":"https:\/\/www.berliner-baerenfreunde.de\/web\/wp-json\/wp\/v2\/media?parent=12882"}],"wp:term":[{"taxonomy":"category","embeddable":true,"href":"https:\/\/www.berliner-baerenfreunde.de\/web\/wp-json\/wp\/v2\/categories?post=12882"},{"taxonomy":"post_tag","embeddable":true,"href":"https:\/\/www.berliner-baerenfreunde.de\/web\/wp-json\/wp\/v2\/tags?post=12882"}],"curies":[{"name":"wp","href":"https:\/\/api.w.org\/{rel}","templated":true}]}}