{"id":13226,"date":"2019-04-08T14:36:24","date_gmt":"2019-04-08T12:36:24","guid":{"rendered":"https:\/\/www.berliner-baerenfreunde.de\/web\/?p=13226"},"modified":"2019-04-25T10:16:22","modified_gmt":"2019-04-25T08:16:22","slug":"2018-atze-und-baerolina-fliegen-nach-colorado-usa","status":"publish","type":"post","link":"https:\/\/www.berliner-baerenfreunde.de\/web\/2018-atze-und-baerolina-fliegen-nach-colorado-usa\/","title":{"rendered":"2018 Atze und B\u00e4rolina fliegen nach Colorado USA"},"content":{"rendered":"<p>2018 Atze und B\u00e4rolina in den USA Colorado<!--more-->Es gab einige Schwierigkeiten bei der Kommunikation mit Tom\u00c3\u00a1s A. Sciolla, da eine Mail verschwunden war.<\/p>\n<p>Aber nun ist alles klar.<\/p>\n<p>Zur Klarstellung eines bestimmten Punktes leugnen wir keine der zuvor angegebenen Informationen. Aber ich m\u00f6chte mir einen Moment Zeit nehmen, um auf die Chronologie der Mitteilungen einzugehen, damit verstanden werden kann, warum sie sich im Laufe der Zeit ge\u00e4ndert hat: Als wir 2017 den Bericht \u00fcber den Status der Braunb\u00e4ren \u00fcbermittelten, dass sich der Eco-Park in einem historischen Transformationsprozess befindet, in dem alle versuchten, die Bedingungen der Tiere f\u00fcr sie zu verbessern. So erkl\u00e4rten wir, dass der Verlegung exotischer Tiere an Institutionen mit hohen Tierschutzstandards Priorit\u00e4t einger\u00e4umt wurde. Nach fast einem Jahr Arbeit ist es uns gelungen, die Braunb\u00e4ren in eines der bekanntesten Naturschutzgebiete der Welt in den Vereinigten Staaten zu bringen.<\/p>\n<p>Ich m\u00f6chte mich an dieser Stelle noch einmal f\u00fcr Ihr st\u00e4ndiges Interesse am Wohl von Atze und B\u00e4rolina bedanken.<\/p>\n<p>Herzliche Gr\u00fc\u00dfe<\/p>\n<p>Tom\u00c3\u00a1s A. Sciolla<\/p>\n<p>F\u00fcr uns waren noch viele Fragen offen und sie wurden alle beantwortet und wir bekamen auch Fotos von der Verlegung der B\u00e4ren.<\/p>\n<p>Wir freuen uns, Ihre Fragen wie folgt erneut zu beantworten:<\/p>\n<p><em>&#8222;Wir haben noch viele Fragen an Sie. Seit wann ist bekannt, dass die B\u00e4ren einen neuen Platz haben und wie lange haben die Vorbereitungen f\u00fcr den Umzug gedauert? \u201c<\/em><\/p>\n<p>Die Vorbereitungen waren etwa 3 Monate vor der Translokation bekannt, aber der Prozess dauerte insgesamt etwa ein Jahr, da es viele rechtliche Schritte gibt, um eine Translokation effektiv zu gestalten.<\/p>\n<p><em>&#8222;Wann sind die B\u00e4ren in Colorado angekommen?&#8220;<\/em><\/p>\n<p>Die B\u00e4ren kamen am 27. Oktober 2018 an.<\/p>\n<p><em>&#8222;Wie ist die Zusammenarbeit zustande gekommen?&#8220;<\/em><\/p>\n<p>Normalerweise hat eine Translokation zun\u00e4chst einen langen Prozess, in dem wir verschiedene Institutionen vorab bewerten, die behaupten, das Leben der Tiere verbessern zu k\u00f6nnen. Danach pr\u00e4sentieren sie mit objektiven Variablen wie gr\u00f6\u00dfere R\u00e4ume, anpassungsf\u00e4higere Temperaturen und so weiter, dass die Informationen von einem Fachausschuss ausgewertet werden, der entscheidet, welche Institution besser ist.<\/p>\n<p><em>&#8222;Beide B\u00e4ren sind nicht kastriert, wie k\u00f6nnen sie mit anderen B\u00e4ren leben?&#8220;<\/em><\/p>\n<p>Die B\u00e4ren wurden zun\u00e4chst in getrennten Gehegen untergebracht, aber sie konnten schlie\u00dflich ihre Lebensr\u00e4ume mit anderen B\u00e4ren teilen, die das gleiche Geschlecht haben.<\/p>\n<p><em>&#8222;Wurde der gesamte Umzug von Atze und B\u00e4rolina dokumentiert, auch mit Fotos?&#8220;<\/em><\/p>\n<p>ja<\/p>\n<p><em>&#8222;Wie wurden sie f\u00fcr den Transport vorbereitet?&#8220; &#8222;Wie wurden die B\u00e4ren in die Transportkisten gelockt?&#8220;<\/em><\/p>\n<p>Die Vorbereitung auf den Transport erfolgte durch ein positives Verst\u00e4rkertraining, und nach monatelanger Ausbildung der B\u00e4ren betraten sie bereitwillig die Transportkisten auf Befehl.<\/p>\n<p><em>&#8222;Wurden die B\u00e4ren bet\u00e4ubt und auf ihre Gesundheit untersucht?&#8220;<\/em><\/p>\n<p>Alle unsere Tiere, die eine Translokation durchlaufen, werden mehreren Gesundheitschecks unterzogen, die ihnen die Erlaubnis geben, nur dann zu reisen, wenn alle unsere Tier\u00e4rzte sie f\u00fcr fit halten.<\/p>\n<p><em>&#8222;Wer hat die Kosten f\u00fcr den Flug getragen? Wer tr\u00e4gt die zus\u00e4tzlichen Kosten?&#8220;<\/em><\/p>\n<p>Alle Kosten wurden von der Regierung von Buenos Aires City \u00fcbernommen. Wir danken f\u00fcr die Beantwortung unserer Fragen.<\/p>\n<p>&nbsp;<\/p>\nngg_shortcode_0_placeholder\n<p>&nbsp;<\/p>\n","protected":false},"excerpt":{"rendered":"<p>2018 Atze und B\u00e4rolina in den USA Colorado<\/p>\n","protected":false},"author":3,"featured_media":0,"comment_status":"closed","ping_status":"open","sticky":false,"template":"","format":"standard","meta":{"ngg_post_thumbnail":0,"footnotes":""},"categories":[1,273,153,23,272,266,3],"tags":[],"class_list":["post-13226","post","type-post","status-publish","format-standard","hentry","category-allgemein","category-atze-und-baerolina","category-baerenkinder-von-1994","category-berliner-bar","category-eco-parque-buenos-aires","category-jahr-2019","category-topthema"],"_links":{"self":[{"href":"https:\/\/www.berliner-baerenfreunde.de\/web\/wp-json\/wp\/v2\/posts\/13226","targetHints":{"allow":["GET"]}}],"collection":[{"href":"https:\/\/www.berliner-baerenfreunde.de\/web\/wp-json\/wp\/v2\/posts"}],"about":[{"href":"https:\/\/www.berliner-baerenfreunde.de\/web\/wp-json\/wp\/v2\/types\/post"}],"author":[{"embeddable":true,"href":"https:\/\/www.berliner-baerenfreunde.de\/web\/wp-json\/wp\/v2\/users\/3"}],"replies":[{"embeddable":true,"href":"https:\/\/www.berliner-baerenfreunde.de\/web\/wp-json\/wp\/v2\/comments?post=13226"}],"version-history":[{"count":9,"href":"https:\/\/www.berliner-baerenfreunde.de\/web\/wp-json\/wp\/v2\/posts\/13226\/revisions"}],"predecessor-version":[{"id":13349,"href":"https:\/\/www.berliner-baerenfreunde.de\/web\/wp-json\/wp\/v2\/posts\/13226\/revisions\/13349"}],"wp:attachment":[{"href":"https:\/\/www.berliner-baerenfreunde.de\/web\/wp-json\/wp\/v2\/media?parent=13226"}],"wp:term":[{"taxonomy":"category","embeddable":true,"href":"https:\/\/www.berliner-baerenfreunde.de\/web\/wp-json\/wp\/v2\/categories?post=13226"},{"taxonomy":"post_tag","embeddable":true,"href":"https:\/\/www.berliner-baerenfreunde.de\/web\/wp-json\/wp\/v2\/tags?post=13226"}],"curies":[{"name":"wp","href":"https:\/\/api.w.org\/{rel}","templated":true}]}}