{"id":13444,"date":"2019-07-10T17:33:41","date_gmt":"2019-07-10T15:33:41","guid":{"rendered":"https:\/\/www.berliner-baerenfreunde.de\/web\/?p=13444"},"modified":"2019-10-14T13:56:58","modified_gmt":"2019-10-14T11:56:58","slug":"moelln-in-schleswig-holstein-berliner-meilenstein-mit-baer-inschrift-berlin-und-angabe-243-km","status":"publish","type":"post","link":"https:\/\/www.berliner-baerenfreunde.de\/web\/moelln-in-schleswig-holstein-berliner-meilenstein-mit-baer-inschrift-berlin-und-angabe-243-km\/","title":{"rendered":"M\u00f6lln in Schleswig-Holstein, Berliner Meilenstein mit B\u00e4r, Inschrift BERLIN und Angabe 243 KM"},"content":{"rendered":"<p>BM in Moelln mit B\u00e4r, Inschrift BERLIN und Angabe 243 KM<\/p>\n<p><!--more--><\/p>\n\n\n<p>M\u00f6lln ist eine Kleinstadt im Kreis Herzogtum Lauenburg  im S\u00fcdosten Schleswig-Holsteins.  Vielen Menschen ist sie auch als Till Eulenspiegelstadt bekannt<\/p>\n\n\n\n<p>Der heutige Stein hatte bereits einen Vorg\u00e4nger.  ngg_shortcode_0_placeholder  Stadtarchiv M\u00f6lln \u00a9 Fotoarchiv     <\/p>\n\n\n\n<p>Am heutigen &#8222;Tag der deutschen Einheit&#8220; (17. Juni 1960) wurde ein M\u00fchlstein mit einem B\u00e4ren, der Inschrift BERLIN und der Entfernungsangabe 243 KM an der Einm\u00fcndung des kurz zuvor fertiggestellten Teilst\u00fccks der Berliner Stra\u00dfe in den Grambeker Weg aufgestellt. <br>Einen M\u00fchlstein hatte man offenbar deshalb ausgew\u00e4hlt, weil die hiesige Stadtm\u00fchle in der Geschichte M\u00f6llns immer von besonderer Bedeutung war. So findet sich auch im Stadtwappen ein M\u00fchlrad.<br>ngg_shortcode_1_placeholderDie Ansprache zur Feierstunde 1960 hielt der damalige M\u00f6llner B\u00fcrgervorsteher Karl Jeckstadt-Borchert. Offizielle Vertreter der Stadt Berlin waren nicht anwesend, wohl aber zahlreiche Berliner Ferienkinder. Der Stein sollte daran erinnern, dass &#8222;der Weg nach Berlin einmal wieder frei wird&#8220;, wie Jeckstadt-Borchert betonte.<\/p>\n\n\n\n<p>Berlins Regierender B\u00fcrgermeister, Willy Brandt, besuchte M\u00f6lln im         Mai 1961, nur wenige Wochen vor dem Mauerbau. Er trug sich hier in das Goldene Buch der Stadt ein.<\/p>\n\n\n\n<p>Gerade hier in M\u00f6lln, unweit der innerdeutschen Grenze, hat man die Verbundenheit mit der geteilten Stadt Berlin besonders intensiv empfunden. Die Stra\u00dfenbenennung &#8222;Berliner Stra\u00dfe&#8220; und die Aufstellung des Steins waren nur ein Ausdruck dieser Verbundenheit. Die in der Folgezeit s\u00fcdlich der Berliner Stra\u00dfe neu entstandenen Stra\u00dfen wurden, wiederum zum &#8222;Tag der Deutschen Einheit&#8220;, am 17. Juni 1962 nach Berliner Pers\u00f6nlichkeiten benannt (u. a. Schinkel, Humboldt, Heinrich Zille, K\u00e4the Kollwitz, Paul Lincke).<br>In den folgenden Jahren wurde am Meilenstein jeweils zum 13. August, dem Tag des Mauerbaus, ein Kranz niedergelegt. <br>Organisiert wurden die Veranstaltungen vom M\u00f6llner Ortskuratorium Unteilbares Deutschland. <\/p>\n\n\n\n<p>Dieser erste &#8222;Meilenstein&#8220; wurde 1968 durch den heutigen Findling ersetzt. Vermutlich wies der der M\u00fchlstein Sch\u00e4den auf. <br>ngg_shortcode_2_placeholderStadtarchiv M\u00f6lln \u00a9 Fotoarchiv<\/p>\n\n\n\n<p> Der neue Findling wurde von dem M\u00f6llner B\u00fcrger Josef Heitplatz gestiftet. Aus den vorliegenden Quellen geht nicht hervor, welcher Steinmetz die Arbeiten ausgef\u00fchrt hat. <\/p>\n\n\n\n<p>Erstmals fand an diesem neuen Stein eine Kranzniederlegung am                13. August 1968 statt. Vorausgegangen war eine Feierstunde in der Aula der Volksschule mit einem Festvortrag von Dr. Ulrich Matth\u00e9e von der Universit\u00e4t in Kiel zum Thema  &#8222;Der 13. August 1961 und 1968&#8220;.<br>Eine eigentliche Einweihungsfeier f\u00fcr diesen zweiten Stein hat es offenbar nicht gegeben.<\/p>\n\n\n\n<p>Quelle &#8222;Stadtarchiv M\u00f6lln \/ Fotoarchiv&#8220;. <\/p>\n\n\n\n<p>Am 4. Juli 2019 hat der Verein der Berliner B\u00e4renfreunde e.V. den Antrag auf Denkmalschutz f\u00fcr den BM in Moelln bei der Unteren Denkmalschutzbeh\u00f6rde des Kreises Herzogtum Lauenburg gestellt.<\/p>\n\n\n\n<p>Der Antrag wurde abgelehnt:<\/p>\n\n\n\n<p>Der Originalstein existiert nicht mehr<\/p>\n\n\n\n<p>Der Findling mit B\u00e4r, Inschrift BERLIN und Angabe 243 KM ist nicht sch\u00fctzenswert.<\/p>\n\n\n\n<p>Wir haben Widerspruch eingelegt, leider erfolglos.<\/p>\n\n\n\n<p><\/p>\n\n\n\n<p>Die Stadt Moelln wird den Findling mit B\u00e4r, Inschrift BERLIN und Angabe 243 KM weiterhin gut pflegen.<\/p>\n","protected":false},"excerpt":{"rendered":"<p>BM in Moelln mit B\u00e4r, Inschrift BERLIN und Angabe 243 KM<\/p>\n","protected":false},"author":3,"featured_media":0,"comment_status":"closed","ping_status":"open","sticky":false,"template":"","format":"standard","meta":{"ngg_post_thumbnail":0,"footnotes":""},"categories":[1,23,278,213,276,277,3],"tags":[275],"class_list":["post-13444","post","type-post","status-publish","format-standard","hentry","category-allgemein","category-berliner-bar","category-berlins-regierender-buergermeister-willy-brandt","category-denkmalschutz","category-moelln","category-muehlstein","category-topthema","tag-moelln"],"_links":{"self":[{"href":"https:\/\/www.berliner-baerenfreunde.de\/web\/wp-json\/wp\/v2\/posts\/13444","targetHints":{"allow":["GET"]}}],"collection":[{"href":"https:\/\/www.berliner-baerenfreunde.de\/web\/wp-json\/wp\/v2\/posts"}],"about":[{"href":"https:\/\/www.berliner-baerenfreunde.de\/web\/wp-json\/wp\/v2\/types\/post"}],"author":[{"embeddable":true,"href":"https:\/\/www.berliner-baerenfreunde.de\/web\/wp-json\/wp\/v2\/users\/3"}],"replies":[{"embeddable":true,"href":"https:\/\/www.berliner-baerenfreunde.de\/web\/wp-json\/wp\/v2\/comments?post=13444"}],"version-history":[{"count":24,"href":"https:\/\/www.berliner-baerenfreunde.de\/web\/wp-json\/wp\/v2\/posts\/13444\/revisions"}],"predecessor-version":[{"id":14182,"href":"https:\/\/www.berliner-baerenfreunde.de\/web\/wp-json\/wp\/v2\/posts\/13444\/revisions\/14182"}],"wp:attachment":[{"href":"https:\/\/www.berliner-baerenfreunde.de\/web\/wp-json\/wp\/v2\/media?parent=13444"}],"wp:term":[{"taxonomy":"category","embeddable":true,"href":"https:\/\/www.berliner-baerenfreunde.de\/web\/wp-json\/wp\/v2\/categories?post=13444"},{"taxonomy":"post_tag","embeddable":true,"href":"https:\/\/www.berliner-baerenfreunde.de\/web\/wp-json\/wp\/v2\/tags?post=13444"}],"curies":[{"name":"wp","href":"https:\/\/api.w.org\/{rel}","templated":true}]}}