{"id":13541,"date":"2019-08-03T12:01:23","date_gmt":"2019-08-03T10:01:23","guid":{"rendered":"https:\/\/www.berliner-baerenfreunde.de\/web\/?p=13541"},"modified":"2019-08-03T12:09:45","modified_gmt":"2019-08-03T10:09:45","slug":"veranstaltung-theorie-mittwoch-im-berliner-baerenzwinger-10-juli-2019","status":"publish","type":"post","link":"https:\/\/www.berliner-baerenfreunde.de\/web\/veranstaltung-theorie-mittwoch-im-berliner-baerenzwinger-10-juli-2019\/","title":{"rendered":"Veranstaltung  &#8222;Theorie Mittwoch&#8220; im Berliner B\u00e4renzwinger 10. Juli 2019"},"content":{"rendered":"<p>&#8222;Theorie Mittwoch&#8220; B\u00e4renzwinger 10.7.19<!--more--> <strong>Es war mal wieder soweit:<\/strong><\/p>\n<p>Im B\u00e4renzwinger fand am 10. Juli 2019 eine Veranstaltung statt; eingeladen wurde zu einem &#8222;Theorie Mittwoch&#8220;. Dieser Abend ist eingebettet in die derzeit laufende Ausstellung &#8222;Fictional Nature&#8220;. Er sollte zeigen, wie sich die Natur und unsere Wahrnehmung von ihr ver\u00e4ndert haben. Es zog rund 30 Leute in den B\u00e4renzwinger, die meisten wohl Studenten der Universit\u00e4t der K\u00fcnste. Leider verschob sich der Beginn um mehr als 30 Minuten, weil viele Besucher erst einmal chillen mussten, mit einem Getr\u00e4nk erstmal den &#8222;Feierabend&#8220; einl\u00e4uten, ehe sie bereit waren zu zuh\u00f6ren.<\/p>\n<p>Herr Stephan Porombka (Professor an der Berliner Universit\u00e4t der K\u00fcnste) moderierte die Veranstaltung.<\/p>\n<p>Die K\u00fcnstlerin &#8211; Klara Hobza &#8211; hatte im Jahr 2010 die Idee: in 30 Jahren will ich einmal durch Europa tauchen: vom Atlantik in Rotterdam den Rhein und Main hinauf zur Donau bis zum Schwarzen Meer. So wie es viele Leute derzeit machen: sie reisen durch Europa und bleiben mal da und mal hier, suchen f\u00fcr sich den &#8222;richtigen&#8220; Ort.<\/p>\n<p>Problem an dieser Tauchreise war unter anderem Frau Hobza konnte \u00fcberhaupt nicht tauchen. Also musste sie es erst erlernen. Aber in einem Fluss mit Schiffsverkehr ist die Sache nicht so einfach. Wobei bei Ihrer Erz\u00e4hlung nicht eindeutig heraus kam, wie weit sie schon getaucht ist, ob \u00fcberhaupt.<\/p>\n<p>Sie hat sich aber akribisch darauf vorbereitet, unter anderem hat sie sich einen ehemaligen Kampfschwimmer der Bundeswehr aus Trainer genommen.Zwischendurch hat sie mehrere Ausstellungen organisiert und durchgef\u00fchrt. In welcher Art und Weise auch immer hat sie uns &#8211; leider &#8211; nicht erz\u00e4hlt.Sie wollte aber auch den Zusammenhalt der Menschen untereinander, das Verh\u00e4ltnis zur Natur, besonders zum Wasser allgemein, aber auch zu dem jeweiligen Flussabschnitt herausstellen.<\/p>\n<p>Will man so etwas als Unter-Wasser-Erlebnis darstellen? Kann man daraus etwas Neues erfahren, besser ertauchen? Die Natur reagiert z. B. auf Flussbegradigungen, die m\u00f6glichen \u00dcberschwemmungen werden heftiger.<\/p>\n<p>Aber davon habe ich bei der Erz\u00e4hlung nicht mitbekommen -vielleicht ja auch, weil sie noch 20 Jahre dabei tauchen will. Viel Spa\u00df dabei.<\/p>\n<p><em>Sigrid Schuldt<\/em><\/p>\n<p>Leif Randt, Schriftsteller mit vielen Auszeichnungen geehrt, schaffte es mit Ausschnitten aus seinen B\u00fcchern das Publikum zu fesseln. Er nutzte dazu die Unterbrechungen in den Diskussionsrunden mit der K\u00fcnstlerin Klara Hobza und dem Wissenschaftler Georg Dickmann, dazu mit Professor Stephan Porombka, der die Moderation leitete.<\/p>\n<p>F\u00fcr uns war der Beitrag von Georg Dickmann sehr Theoretisch, aber das war wohl so auch gewollt. Es gab Zustimmung von den Besuchern. Die Natur ist nicht mehr die gleiche wie vor einigen Jahren. Selbst wenn wir spazieren gehen, ver\u00e4ndern damit wir die Natur. Es spielen viele Faktoren dabei ein Rolle, aber der Mensch ver\u00e4ndert sie am Meisten.<\/p>\n<p>Die Diskussionsrunde zog sich bis 21 Uhr hin und einige Besucher wurden schon ungeduldig. Professor Stephan Porombka bedankte sich bei seinen Gespr\u00e4chspartnern und auch beim Publikum. Die Veranstaltung gab viele Denkanst\u00f6\u00dfe bei den Besuchern.<\/p>\n<p><em>Christa Junge<\/em><\/p>\nngg_shortcode_0_placeholder\n\n\n<p><\/p>\n","protected":false},"excerpt":{"rendered":"<p>&#8222;Theorie Mittwoch&#8220; B\u00e4renzwinger 10.7.19<\/p>\n","protected":false},"author":3,"featured_media":0,"comment_status":"closed","ping_status":"open","sticky":false,"template":"","format":"standard","meta":{"ngg_post_thumbnail":0,"footnotes":""},"categories":[1,157,164,266,49,280,3],"tags":[],"class_list":["post-13541","post","type-post","status-publish","format-standard","hentry","category-allgemein","category-berliner-baerenzwinger","category-berliner-kunsthochschulen","category-jahr-2019","category-kunstler","category-natur","category-topthema"],"_links":{"self":[{"href":"https:\/\/www.berliner-baerenfreunde.de\/web\/wp-json\/wp\/v2\/posts\/13541","targetHints":{"allow":["GET"]}}],"collection":[{"href":"https:\/\/www.berliner-baerenfreunde.de\/web\/wp-json\/wp\/v2\/posts"}],"about":[{"href":"https:\/\/www.berliner-baerenfreunde.de\/web\/wp-json\/wp\/v2\/types\/post"}],"author":[{"embeddable":true,"href":"https:\/\/www.berliner-baerenfreunde.de\/web\/wp-json\/wp\/v2\/users\/3"}],"replies":[{"embeddable":true,"href":"https:\/\/www.berliner-baerenfreunde.de\/web\/wp-json\/wp\/v2\/comments?post=13541"}],"version-history":[{"count":9,"href":"https:\/\/www.berliner-baerenfreunde.de\/web\/wp-json\/wp\/v2\/posts\/13541\/revisions"}],"predecessor-version":[{"id":13559,"href":"https:\/\/www.berliner-baerenfreunde.de\/web\/wp-json\/wp\/v2\/posts\/13541\/revisions\/13559"}],"wp:attachment":[{"href":"https:\/\/www.berliner-baerenfreunde.de\/web\/wp-json\/wp\/v2\/media?parent=13541"}],"wp:term":[{"taxonomy":"category","embeddable":true,"href":"https:\/\/www.berliner-baerenfreunde.de\/web\/wp-json\/wp\/v2\/categories?post=13541"},{"taxonomy":"post_tag","embeddable":true,"href":"https:\/\/www.berliner-baerenfreunde.de\/web\/wp-json\/wp\/v2\/tags?post=13541"}],"curies":[{"name":"wp","href":"https:\/\/api.w.org\/{rel}","templated":true}]}}