{"id":13657,"date":"2019-08-14T22:40:49","date_gmt":"2019-08-14T20:40:49","guid":{"rendered":"https:\/\/www.berliner-baerenfreunde.de\/web\/?p=13657"},"modified":"2019-08-14T22:40:49","modified_gmt":"2019-08-14T20:40:49","slug":"berliner-baer-ein-bild-aus-briefmarken-von-klaus-rosenschild-aus-wiesenbach-baden-wuerttemberg","status":"publish","type":"post","link":"https:\/\/www.berliner-baerenfreunde.de\/web\/berliner-baer-ein-bild-aus-briefmarken-von-klaus-rosenschild-aus-wiesenbach-baden-wuerttemberg\/","title":{"rendered":"&#8222;Berliner B\u00e4r&#8220; ein Bild aus Briefmarken von Klaus Rosenschild aus Wiesenbach \/ Baden-W\u00fcrttemberg"},"content":{"rendered":"<p>Berliner B\u00e4r von Klaus Rosenschild findet den Weg zu den Berliner B\u00e4renfreunden <!--more--><\/p>\n\n\n<p>Berliner B\u00e4r von Klaus Rosenschild findet den Weg zu den Berliner B\u00e4renfreunden <\/p>\n\n\n\n<p>Hier ein kurzer R\u00fcckblick:<br>Im Original hat das Bild eine Gr\u00f6\u00dfe von 61 * 91 cm. Stellen Sie sich eine kleine Briefmarke vor. Wie viele wurden f\u00fcr das Bild verwendet? Das war eine unserer ersten Fragen an ihn. Es waren genau 890 Briefmarken. F\u00fcr den Berliner B\u00e4ren ben\u00f6tigte er 30 Arbeitsstunden. Als erstes mussten alle Briefmarken nach Farben sortiert werden. Da es nicht sein erstes Bild mit Briefmarken war, hatte er etwas mehr als gleichartige 1.000 Briefmarken herausgesucht. Sie wurden auf einer Vorlage auslegt, um eine Synchronit\u00e4t in Farbe und Gr\u00f6\u00dfen, gestempelt stark oder blass zu erreichen,alle Briefmarken m\u00fcssen passen. Man kann wirklich sagen, das ist etwas f\u00fcr ruhige H\u00e4nde. <\/p>\n\n\n\n<p>Dann beginnt die eigentliche Arbeit, es wird geklebt und ausgeschnitten. <br>Das h\u00e4lt man nur einen kurzen Zeitraum aus. Die Arbeit an dem Bild aus <br>Briefmarken zieht sich mehrere Tage und Wochen hin. Aber das Ergebnis kann sich sehen lassen. Ein Berliner B\u00e4r, nach links gehend, darunter steht &#8222;Ich bin ein Berliner&#8220;.  ngg_shortcode_0_placeholder Heute befindet sich das Bild bei ihm zu Hause und durch eine spezielle Lackierung wird es vor dem Ausbleichen durch Sonnenstrahlen gesch\u00fctzt.<\/p>\n\n\n\n<p>Anfang April 2019 hat Klaus Rosenschild erneut Kontakt zu uns aufgenommen. Er fragte uns, ob Interesse f\u00fcr den Ankauf des Bildes mit dem aus Briefmarken bestehenden Berliner B\u00e4ren besteht. Nach kurzer Absprache entschieden wir uns f\u00fcr den Erwerb des Bildes.<br>Klaus Rosenschild kam f\u00fcr einige Tage nach Berlin. <\/p>\n\n\n\n<p>Er hatte im Russischen Haus der Wissenschaft und Kultur in der Friedrichstra\u00dfe 176 zu tun, er besuchte eine Briefmarken- ausstellung und dabei nahm er an einem Wettbewerb teil, bei dem er den zweiten Platz belegte. Herzlichen Gl\u00fcckwunsch! <\/p>\n\n\n\n<p>So konnten mein Mann und ich, ihn und seine Tochter am 28. April 2019 auf dem Bahnhof Zoo treffen und wir nahmen das Bild, gut verpackt in Empfang.  Hier entstand auch das Erinnerungsfoto.<\/p>\n\n\n\nngg_shortcode_1_placeholder\n\n\n\n<p><\/p>\n","protected":false},"excerpt":{"rendered":"<p>Berliner B\u00e4r von Klaus Rosenschild findet den Weg zu den Berliner B\u00e4renfreunden<\/p>\n","protected":false},"author":3,"featured_media":0,"comment_status":"closed","ping_status":"open","sticky":false,"template":"","format":"standard","meta":{"ngg_post_thumbnail":0,"footnotes":""},"categories":[1,281,23,230,282,283,3],"tags":[],"class_list":["post-13657","post","type-post","status-publish","format-standard","hentry","category-allgemein","category-baden-wuerttemberg","category-berliner-bar","category-briefmarken","category-klaus-rosenschild","category-russisches-haus-der-wissenschaft-und-kultur-in-der-friedrichstrasse-176","category-topthema"],"_links":{"self":[{"href":"https:\/\/www.berliner-baerenfreunde.de\/web\/wp-json\/wp\/v2\/posts\/13657","targetHints":{"allow":["GET"]}}],"collection":[{"href":"https:\/\/www.berliner-baerenfreunde.de\/web\/wp-json\/wp\/v2\/posts"}],"about":[{"href":"https:\/\/www.berliner-baerenfreunde.de\/web\/wp-json\/wp\/v2\/types\/post"}],"author":[{"embeddable":true,"href":"https:\/\/www.berliner-baerenfreunde.de\/web\/wp-json\/wp\/v2\/users\/3"}],"replies":[{"embeddable":true,"href":"https:\/\/www.berliner-baerenfreunde.de\/web\/wp-json\/wp\/v2\/comments?post=13657"}],"version-history":[{"count":12,"href":"https:\/\/www.berliner-baerenfreunde.de\/web\/wp-json\/wp\/v2\/posts\/13657\/revisions"}],"predecessor-version":[{"id":13748,"href":"https:\/\/www.berliner-baerenfreunde.de\/web\/wp-json\/wp\/v2\/posts\/13657\/revisions\/13748"}],"wp:attachment":[{"href":"https:\/\/www.berliner-baerenfreunde.de\/web\/wp-json\/wp\/v2\/media?parent=13657"}],"wp:term":[{"taxonomy":"category","embeddable":true,"href":"https:\/\/www.berliner-baerenfreunde.de\/web\/wp-json\/wp\/v2\/categories?post=13657"},{"taxonomy":"post_tag","embeddable":true,"href":"https:\/\/www.berliner-baerenfreunde.de\/web\/wp-json\/wp\/v2\/tags?post=13657"}],"curies":[{"name":"wp","href":"https:\/\/api.w.org\/{rel}","templated":true}]}}