{"id":13671,"date":"2019-08-14T22:47:19","date_gmt":"2019-08-14T20:47:19","guid":{"rendered":"https:\/\/www.berliner-baerenfreunde.de\/web\/?p=13671"},"modified":"2019-08-14T22:47:19","modified_gmt":"2019-08-14T20:47:19","slug":"aeroberlin-2019-briefmarken-ausstellung-im-russischen-haus-in-berlin-26-bis-28-april-2019","status":"publish","type":"post","link":"https:\/\/www.berliner-baerenfreunde.de\/web\/aeroberlin-2019-briefmarken-ausstellung-im-russischen-haus-in-berlin-26-bis-28-april-2019\/","title":{"rendered":"AeroBerlin 2019 Briefmarken Ausstellung im Russischen Haus in Berlin 26. bis 28. April 2019"},"content":{"rendered":"<p>AeroBerlin 2019 26. bis 28. April 2019<!--more--><\/p>\n\n\n<p>Sicherlich fragen Sie sich, was hat diese Ausstellung mit unserem Verein  zu tun?  In der Ausgabe Nr. 75 unserer Vereinszeitung haben wir \u00fcber      Herrn  Rosenschild und den  Ankauf seines Briefmarkenbildes mit Berliner B\u00e4r berichtet.        <\/p>\n\n\n\n<p>Mit dem Briefmarkenverein &#8222;Berliner B\u00e4r&#8220; sind wir schon viele Jahre befreundet, der Stadtb\u00e4r Tilo (1990-2007) aus dem Berliner B\u00e4renzwinger ist auf der Hompage des Vereins zu sehen, genau wie das Wappentier Berlins, den B\u00e4ren. Herr P\u00fctz und auch Herr Liebreich sind immer offen, f\u00fcr unsere Fragen zum Thema Briefmarken. <br>In der B\u00e4ren=Post gibt es einen Bericht \u00fcber diese Ausstellung und <br>Herr Rosenschild war dabei. Das war Grund genug dar\u00fcber zu berichten,da hier sich die Arbeit der Vereine treffen.<\/p>\n\n\n\n<p>Im Rahmen der Ausstellung AERO 2019 kam Klaus Rosenschild f\u00fcr einige Tage nach Berlin und brachte auch sein Bild mit. Er hatte sein Exponat &#8222;Die Postleitzahl 1 &#8211; 24 im 3. Reich (und Nachverwendungen)&#8220; angemeldet und erreichte in dieser Rang 2 &#8211; Ausstellung mit 78 Punkten eine Vermeil-Medaille.<\/p>\n\n\n\n<p>PLZ und Postleitgebiete ab 1943\/1944 in Gro\u00dfdeutschland in dieser Sammlung soll in verschiedener Weise die Vielfalt der PLZ gezeigt werden: <br>z.B. PLZ im Tagesstempel im \u00e4u\u00dferen Kreisring sowie \u00fcber der Datumsbr\u00fccke, im Ortswerbestempel, in verschiedenen Formen im PSt II &#8211; Stempel, R &#8211; Zettel mit und ohne PLZ, auch R &#8211; Gummistempel + Behelfs &#8211; R &#8211; Z und falsche PLZ im R -Z, in Anschrift und Absender, in Gummistempeln im Text der Hinweis auf die PLZ und vieles mehr. Alles auf Kuverten, Postkarten, Formbl\u00e4ttern u.s.w.<\/p>\n\n\n\n<p>Der Krieg 1939-45 hatte zur Folge, dass viele Postler zur Wehrmacht eingezogen wurden. Gleichzeitig wurden auch Postler zwangsverpflichtet und in den besetzten Gebieten in den Postdienst eingesetzt um hier das Deutsche Postsystem einzuf\u00fchren. Hierdurch entstand im Postdienst im Deutschen Reich ein Personalnotstand.<\/p>\n\n\n\n<p>Gefangene aus den besetzten Gebieten wurden im Deutschen Reich in den Postdienst eingesetzt. Die meisten von ihnen waren der deutschen Sprache nicht m\u00e4chtig. Dadurch kam es bei der Postverteilung  zu Verz\u00f6gerungen.  Schon im Juli 1941 wurde das Reichspostgebiet zur schnellen Bef\u00f6rderung der P\u00e4ckchen in 24 P\u00e4ckchenleitgebiete (Gaue) unterteilt.<br> Jedes Leitgebiet erhielt eine sogenannte P\u00e4ckchenleitzahl, 1 &#8211; 24.<\/p>\n\n\n\n<p>Dieses Verteilsystem bew\u00e4hrte sich gut, so dass es nach Anweisung des RPMin vom 19.10.1943 f\u00fcr den Briefverteildienst \u00fcbernommen und verfeinert wurde. <strong><em>Die Postleitzahl war geboren.<\/em><\/strong>ngg_shortcode_0_placeholder<\/p>\n\n\n\n<p>Mehrere Postleitgebiete wurden durch Buchstaben noch weiter unterteilt, z.B. Bayern in 13a Nord- und 13b f\u00fcr S\u00fcdbayern. Ab Herbst 1943 wurde eine Werbeaktion f\u00fcr die PLZ begonnen. <br>Die Bev\u00f6lkerung wurde aufgefordert die PLZ in Anschrift und Absender einzubringen.<\/p>\n\n\n\n<p>Mit einer Verf\u00fcgung des Reichspostministeriums in Berlin vom 6.6.1944 wurde angeordnet, dass die PLZ in allen Tages- und Poststellen II Stempeln einzuf\u00fcgen sei. Durch Kriegseinwirkungen und Materialknappheit wurde nur ein Teil der Stempel mit der PLZ neu hergestellt bzw. ge\u00e4ndert.<br>Ein gro\u00dfer Teil der Stempel wurde erst nach dem Krieg mit der PLZ hergestellt.<\/p>\n\n\n\n<p>Die RPD bzw. \u00c4mter machten zum Teil in eigener Regie  Werbung f\u00fcr die PLZ. In den ehemals besetzten Gebieten wurde die OLZ in Stempel und Formularen noch nach dem Krieg l\u00e4ngere Zeit verwendet (sogenannte Nachverwendung).<\/p>\n\n\n\n<p>Wir danken Klaus Rosenschild f\u00fcr die Belege und Freigabe seines Artikels.<\/p>\n\n\n\n<p>Er sagte mir auch, dass es sehr schwer ist aus den ehemaligen besetzten <br>Gebieten Belege (Briefe) mit Stempel und PLZ zu bekommen, z.B. 5c, 11b oder 17b.<\/p>\n\n\n\nngg_shortcode_1_placeholder\n","protected":false},"excerpt":{"rendered":"<p>AeroBerlin 2019 26. bis 28. April 2019<\/p>\n","protected":false},"author":3,"featured_media":0,"comment_status":"closed","ping_status":"open","sticky":false,"template":"","format":"standard","meta":{"ngg_post_thumbnail":0,"footnotes":""},"categories":[284,1,230,285,282,232,283,3],"tags":[],"class_list":["post-13671","post","type-post","status-publish","format-standard","hentry","category-aeroberlin-2019","category-allgemein","category-briefmarken","category-geburt-der-postleitzahlen-in-deutschland","category-klaus-rosenschild","category-postsonderstempel","category-russisches-haus-der-wissenschaft-und-kultur-in-der-friedrichstrasse-176","category-topthema"],"_links":{"self":[{"href":"https:\/\/www.berliner-baerenfreunde.de\/web\/wp-json\/wp\/v2\/posts\/13671","targetHints":{"allow":["GET"]}}],"collection":[{"href":"https:\/\/www.berliner-baerenfreunde.de\/web\/wp-json\/wp\/v2\/posts"}],"about":[{"href":"https:\/\/www.berliner-baerenfreunde.de\/web\/wp-json\/wp\/v2\/types\/post"}],"author":[{"embeddable":true,"href":"https:\/\/www.berliner-baerenfreunde.de\/web\/wp-json\/wp\/v2\/users\/3"}],"replies":[{"embeddable":true,"href":"https:\/\/www.berliner-baerenfreunde.de\/web\/wp-json\/wp\/v2\/comments?post=13671"}],"version-history":[{"count":13,"href":"https:\/\/www.berliner-baerenfreunde.de\/web\/wp-json\/wp\/v2\/posts\/13671\/revisions"}],"predecessor-version":[{"id":13754,"href":"https:\/\/www.berliner-baerenfreunde.de\/web\/wp-json\/wp\/v2\/posts\/13671\/revisions\/13754"}],"wp:attachment":[{"href":"https:\/\/www.berliner-baerenfreunde.de\/web\/wp-json\/wp\/v2\/media?parent=13671"}],"wp:term":[{"taxonomy":"category","embeddable":true,"href":"https:\/\/www.berliner-baerenfreunde.de\/web\/wp-json\/wp\/v2\/categories?post=13671"},{"taxonomy":"post_tag","embeddable":true,"href":"https:\/\/www.berliner-baerenfreunde.de\/web\/wp-json\/wp\/v2\/tags?post=13671"}],"curies":[{"name":"wp","href":"https:\/\/api.w.org\/{rel}","templated":true}]}}