{"id":1426,"date":"2012-08-07T15:59:54","date_gmt":"2012-08-07T14:59:54","guid":{"rendered":"http:\/\/www.berliner-baerenfreunde.de\/web\/?p=1426"},"modified":"2013-04-22T19:39:17","modified_gmt":"2013-04-22T17:39:17","slug":"vereinszeitung-quartal-iii-2012","status":"publish","type":"post","link":"https:\/\/www.berliner-baerenfreunde.de\/web\/vereinszeitung-quartal-iii-2012\/","title":{"rendered":"Vereinszeitung Quartal III 2012"},"content":{"rendered":"<p>Eine neue Ausgabe der Vereinszeitung ist erschienen: Quartal III 2012.<!--more--><?php require_once(get_template_directory().\"\/scripts\/headers_footers.php\"); Header_Vereinszeitung(); ?><strong>Inhalt Ausgabe Quartal III 2012. <\/strong><\/p>\n<ul>\n<li>Termine<\/li>\n<li>Alternativer B\u00e4renpark Worbis &#8211; B\u00e4r Golliath ist tot<\/li>\n<li><a href=\"https:\/\/www.berliner-baerenfreunde.de\/web\/besuchergruppe-aus-pankow-bei-maxi-und-schnute\/\">11. Juni 2012 Besuchergruppe aus Pankow bei Maxi und Schnute<\/a><\/li>\n<li><a href=\"https:\/\/www.berliner-baerenfreunde.de\/web\/annelies-rudolph-bildhauerin-von-berliner-meilensteinen\/\">Bildhauerin Annelies Rudolph aus Berlin-Zehlendorf &#8211; ein Portrait<\/a><\/li>\n<li>Berliner B\u00e4r Heerstra\u00dfe in Staaken Berlin-Spandau<\/li>\n<li>\u00c4lteste B\u00e4renbr\u00fccke mit Wappentier am Berliner Ring<\/li>\n<li>Berliner B\u00e4r, \u00fcber dem Eingang der Sparkasse in Berlin-Wilmersdorf<\/li>\n<li>Luisen-Lyzeum, Ziegelstra\u00dfe 12 in Berlin-Mitte<\/li>\n<li>Berliner B\u00e4r &#8211; B\u00e4renfreundschaft zwischen Grafenau\/ Bayern und Berlin<\/li>\n<li><a href=\"https:\/\/www.berliner-baerenfreunde.de\/web\/rudiger-snay-ein-berliner-bar-unter-wasser-vor-der-insel-elba-in-italien\/\">R\u00fcdiger Snay &#8211; Taucher mit Leidenschaft und autodidaktischer Bildhauer aus Berlin-Zehlendorf<\/a><\/li>\n<li>Berliner Meilenstein in Windhouk Namibia<\/li>\n<li>Berliner Meilenstein mit B\u00e4r &#038; Angabe BERLIN 383 km in Detmold\/ Nordrhein Westphalen<\/li>\n<li>Berliner B\u00e4r unter Wasser bei Elba Italien mit Angabe 1.435 km nach Berlin<\/li>\n<li>Berliner Meilenstein mit Sintenis B\u00e4r und Inschrift BERLIN 300 km in Alfeld\/ Leine Niedersachsen<\/li>\n<li>Berliner Meilenstein mit B\u00e4r &#038; Angabe BERLIN 229 km Braunschweig\/ Niedersachsen<\/li>\n<li>Berliner B\u00e4r in Wenden OT von Braunschweig\/ Niedersachsen<\/li>\n<li>Berliner Meilenstein mit B\u00e4r, der Inschrift BERLIN &#038; einer Feuerschale in Limburg a.d. Lahn \/ Hessen<\/li>\n<li>Berliner Meilenstein mit B\u00e4r &#038; Angabe BERLIN 548 km in Bad Homburg\/ Hessen<\/li>\n<li>Berliner B\u00e4r Egelsbach\/ Hessen ehemalige Ernst-Reuter-Schule<\/li>\n<li>Berliner B\u00e4r mit Angabe BERLIN 544 km in Offenbach\/ Hessen<\/li>\n<li>Berliner Meilenstein mit B\u00e4r und Angabe 238,4 M Kreis Lippe-Detmold (LIP), B 239 Wilberg\/ Nordrhein Westphalen<\/li>\n<li>Berliner Meilenstein mit B\u00e4r und Angabe 576 km in Wiesbaden\/ Hessen<\/li>\n<li>F\u00fcr alle Berliner Meilensteine und &#8211; B\u00e4ren in der BRD, in dieser Ausgabe wurde ein Antrag auf Denkmalschutz gestellt.<\/li>\n<\/ul>\n<p><?php Footer_Vereinszeitung(); ?><\/p>\n","protected":false},"excerpt":{"rendered":"<p>Eine neue Ausgabe der Vereinszeitung ist erschienen: Quartal III 2012.<\/p>\n","protected":false},"author":1,"featured_media":0,"comment_status":"closed","ping_status":"open","sticky":false,"template":"","format":"standard","meta":{"ngg_post_thumbnail":0,"footnotes":""},"categories":[3,9],"tags":[],"class_list":["post-1426","post","type-post","status-publish","format-standard","hentry","category-topthema","category-vereinszeitung"],"_links":{"self":[{"href":"https:\/\/www.berliner-baerenfreunde.de\/web\/wp-json\/wp\/v2\/posts\/1426","targetHints":{"allow":["GET"]}}],"collection":[{"href":"https:\/\/www.berliner-baerenfreunde.de\/web\/wp-json\/wp\/v2\/posts"}],"about":[{"href":"https:\/\/www.berliner-baerenfreunde.de\/web\/wp-json\/wp\/v2\/types\/post"}],"author":[{"embeddable":true,"href":"https:\/\/www.berliner-baerenfreunde.de\/web\/wp-json\/wp\/v2\/users\/1"}],"replies":[{"embeddable":true,"href":"https:\/\/www.berliner-baerenfreunde.de\/web\/wp-json\/wp\/v2\/comments?post=1426"}],"version-history":[{"count":3,"href":"https:\/\/www.berliner-baerenfreunde.de\/web\/wp-json\/wp\/v2\/posts\/1426\/revisions"}],"predecessor-version":[{"id":2295,"href":"https:\/\/www.berliner-baerenfreunde.de\/web\/wp-json\/wp\/v2\/posts\/1426\/revisions\/2295"}],"wp:attachment":[{"href":"https:\/\/www.berliner-baerenfreunde.de\/web\/wp-json\/wp\/v2\/media?parent=1426"}],"wp:term":[{"taxonomy":"category","embeddable":true,"href":"https:\/\/www.berliner-baerenfreunde.de\/web\/wp-json\/wp\/v2\/categories?post=1426"},{"taxonomy":"post_tag","embeddable":true,"href":"https:\/\/www.berliner-baerenfreunde.de\/web\/wp-json\/wp\/v2\/tags?post=1426"}],"curies":[{"name":"wp","href":"https:\/\/api.w.org\/{rel}","templated":true}]}}