{"id":15062,"date":"2021-03-29T19:25:03","date_gmt":"2021-03-29T17:25:03","guid":{"rendered":"https:\/\/www.berliner-baerenfreunde.de\/web\/?p=15062"},"modified":"2021-03-29T19:25:03","modified_gmt":"2021-03-29T17:25:03","slug":"praesentation-berliner-meilenstein-an-der-paulskirche-termin-verschiebung","status":"publish","type":"post","link":"https:\/\/www.berliner-baerenfreunde.de\/web\/praesentation-berliner-meilenstein-an-der-paulskirche-termin-verschiebung\/","title":{"rendered":"PR\u00c4SENTATION BERLINER MEILENSTEIN AN DER PAULSKIRCHE, Termin-Verschiebung"},"content":{"rendered":"\n<p>Termin-Verschiebung, PR\u00c4SENTATION BM AN DER PAULSKIRCHE<br><\/p>\n\n\n<p><!--more--><\/p>\n\n\n<p>Wegen kurzfristig anberaumter, anderweitiger Verpflichtungen des<br>Ortsvorstehers des Ortsbeirats 1 kann der morgige Termin der Pr\u00e4sentation<br>des Berliner Meilensteins an der Paulskirche nicht stattfinden.<\/p>\n\n\n\n<p>Die Pr\u00e4sentation wird deshalb verschoben auf einen Termin nach Ostern, den wir Ihnen rechtzeitg bekannt geben werden.<\/p>\n\n\n\n<p>Wir bitten um Entschuldigung f\u00fcr diese Umst\u00e4nde und hoffen, Sie dann bei dem neuen Veranstaltungstermin begr\u00fc\u00dfen zu k\u00f6nnen.<\/p>\n\n\n\n<p>Danke f\u00fcr Ihr Verst\u00e4ndnis.<\/p>\n\n\n\n<p>Mit freundlichen Gr\u00fc\u00dfen<br>Michael Damm<br>Initiative Denkmalschutz f\u00fcr Berliner Meilensteine<\/p>\n","protected":false},"excerpt":{"rendered":"<p>Termin-Verschiebung, PR\u00c4SENTATION BM AN DER PAULSKIRCHE<\/p>\n","protected":false},"author":3,"featured_media":0,"comment_status":"closed","ping_status":"open","sticky":false,"template":"","format":"standard","meta":{"ngg_post_thumbnail":0,"footnotes":""},"categories":[1,33,377,211,212,374,402,376,3],"tags":[],"class_list":["post-15062","post","type-post","status-publish","format-standard","hentry","category-allgemein","category-berliner-meilensteine","category-berliner-strasse","category-frankfurt","category-initiative-denkmalschutz-fuer-berliner-meilensteine","category-jahr-2021","category-paulskirche","category-replik-berliner-meilenstein-frankfurt","category-topthema"],"_links":{"self":[{"href":"https:\/\/www.berliner-baerenfreunde.de\/web\/wp-json\/wp\/v2\/posts\/15062","targetHints":{"allow":["GET"]}}],"collection":[{"href":"https:\/\/www.berliner-baerenfreunde.de\/web\/wp-json\/wp\/v2\/posts"}],"about":[{"href":"https:\/\/www.berliner-baerenfreunde.de\/web\/wp-json\/wp\/v2\/types\/post"}],"author":[{"embeddable":true,"href":"https:\/\/www.berliner-baerenfreunde.de\/web\/wp-json\/wp\/v2\/users\/3"}],"replies":[{"embeddable":true,"href":"https:\/\/www.berliner-baerenfreunde.de\/web\/wp-json\/wp\/v2\/comments?post=15062"}],"version-history":[{"count":2,"href":"https:\/\/www.berliner-baerenfreunde.de\/web\/wp-json\/wp\/v2\/posts\/15062\/revisions"}],"predecessor-version":[{"id":15064,"href":"https:\/\/www.berliner-baerenfreunde.de\/web\/wp-json\/wp\/v2\/posts\/15062\/revisions\/15064"}],"wp:attachment":[{"href":"https:\/\/www.berliner-baerenfreunde.de\/web\/wp-json\/wp\/v2\/media?parent=15062"}],"wp:term":[{"taxonomy":"category","embeddable":true,"href":"https:\/\/www.berliner-baerenfreunde.de\/web\/wp-json\/wp\/v2\/categories?post=15062"},{"taxonomy":"post_tag","embeddable":true,"href":"https:\/\/www.berliner-baerenfreunde.de\/web\/wp-json\/wp\/v2\/tags?post=15062"}],"curies":[{"name":"wp","href":"https:\/\/api.w.org\/{rel}","templated":true}]}}