{"id":15484,"date":"2021-07-20T21:50:02","date_gmt":"2021-07-20T19:50:02","guid":{"rendered":"https:\/\/www.berliner-baerenfreunde.de\/web\/?p=15484"},"modified":"2021-08-15T10:36:15","modified_gmt":"2021-08-15T08:36:15","slug":"presse-information-14-juli-2021-replik-des-berliner-meilensteins-am-rand-der-berliner-strasse-in-der-naehe-der-paulskirche-probeweise-aufgestellt","status":"publish","type":"post","link":"https:\/\/www.berliner-baerenfreunde.de\/web\/presse-information-14-juli-2021-replik-des-berliner-meilensteins-am-rand-der-berliner-strasse-in-der-naehe-der-paulskirche-probeweise-aufgestellt\/","title":{"rendered":"PRESSE-INFORMATION 14. Juli 2021 Replik des Berliner Meilensteins am Rand der Berliner Stra\u00dfe in der N\u00e4he der Paulskirche probeweise aufgestellt."},"content":{"rendered":"<p>Presseinformation 14.07.2021&nbsp; Frankfurt BM Probeweise in der N\u00e4he der Paulskirche aufgestellt<!--more--><\/p>\n<p>Initiative Denkmalschutz f\u00fcr Berliner Meilensteine c\/o Michael Damm,<br>Egenolffstr. 13,<br>60316 Frankfurt<br>Tel 0171 9966071<br><a href=\"mailto:berliner-meilensteine@hotmail.de\">berliner-meilensteine@hotmail.de<\/a><\/p>\n<p>PRESSE-INFORMATION<\/p>\n<p>Am Mittwoch, dem 14. Juli 2021, wurde eine Replik des Berliner Meilensteins, der heute als Denkmal vor dem Luftbr\u00fcckendenkmal FRAPORT steht, am Rand der Berliner Stra\u00dfe in der N\u00e4he der Paulskirche probeweise aufgestellt. Anwesend waren bei der Aktion:<br>Tarkan Akman, Amtsleiter Hauptamt und Stadtmarketing der Stadt Frankfurt am Main Eduard M. Singer, Abteilungsleiter City- und Stadtteilmarketing im Hauptamt und Stadtmarketing der Stadt Frankfurt am Main J\u00f6rg Steincke. <br>Die Autobahn GmbH des Bundes Niederlassung West | Au\u00dfenstelle Wiesbaden Wolfgang Kreickmann, Sozialbezirksvorsteher der CDU, Ffm-Gallus, seit 2011 im Ortsbeirat 1 der Stadt Frankfurt f\u00fcr die Aufstellung des Berliner Meilensteins an der Paulskirche aktiv.<\/p>\n<p>Michael Damm, Initiative Denkmalschutz f\u00fcr Berliner Meilensteine<\/p>\n<p>&nbsp;<\/p>\n<p><em><strong>Michael Damm: <\/strong><\/em>&#8222;Im August 2010 wurde ich durch das Bild im Buch von Frolinde Balser \u00b4Aus Tr\u00fcmmern zu einem europ\u00e4ischen Zentrum&#8216; (Ffm 1995) neugierig darauf, ob dieser von Willy Brandt 1958 eingeweihte Berliner Meilenstein noch vorhanden ist. Angeregt zur Erforschung war ich auch durch die Vermutung, dass mein Vater, der von 1954 bis 1988 im Frankfurter Bund der Berliner und Freunde Berlin&#8217;s (BdBFB) aktiv war, auf einem der damals aufgenommenen Fotos zu sehen sein m\u00fcsste. Und als Referent f\u00fcr \u00b4Berlin-Werbung&#8216; des Frankfurter Kreisverbands m\u00fcsste er eigentlich bei der Aufstellung des Steins mitgewirkt haben.<\/p>\n<p>Ich machte mich auf die Suche nach dem Berliner Meilenstein am Frankfurter Kreuz &#8211; aber er war nicht mehr dort. <br>Leider war der Stein nirgends verzeichnet, er war nirgendwo dokumentiert &#8211; au\u00dfer auf einem Foto des Frankfurter Stadtarchivs von \u00b4Berlin-Tagen&#8216; im Jahr 1958, aber die konnte ich erst sp\u00e4ter entdecken. Nach einer kleinen Odyssee durch den Frankfurter \u00c4mterdschungel fand ich schlie\u00dflich das gesuchte Objekt auf dem Gel\u00e4nde der Autobahnmeisterei Frankfurt.&#8220;<\/p>\n<p>Diesem ersten, durch den jetzigen Standort am Frankfurter Luftbr\u00fcckendenkmal prominent gewordenen Fundst\u00fcck folgten im Laufe der Jahre bis heute \u00fcber 300 weitere Standorte, die im Jahre 2010 noch nicht bekannt waren und allein durch die Suchaktion der 2011 gegr\u00fcndeten Initiative Denkmalschutz f\u00fcr Berliner Meilensteine vor dem Vergessen bewahrt worden sind. (Der aktuelle Stand von ermittelten Pl\u00e4tzen der Berliner Meilensteine mit Fotos k\u00f6nnen auf der Seite <a href=\"http:\/\/m1k.de\/B\u00e4ren f\u00fcr Berlin\" data-wplink-url-error=\"true\">http:\/\/m1k.de\/B\u00e4ren f\u00fcr Berlin<\/a> aufgesucht werden).&nbsp; Auf der Fotomontage &#8222;BERLINER MEILENSTEINE &#8211; ORIGINAL UND REPLIKEN&#8220; ist auf dem historischen Foto links neben&nbsp; Willy Brandt der Referent f\u00fcr &#8222;Berlin-Werbung&#8220; des BdBFB zu erkennen: Ernst Theodor Damm (* 13.09.1910 &#8211; 01.08.1990).ngg_shortcode_0_placeholder<\/p>\n<p>In intensiver Zusammenarbeit mit zahlreichen \u00c4mtern, Firmen und Institutionen des Denkmalschutzes fand dann im Jahr 2015 die Aufstellung des Meilensteins am Luftbr\u00fcckendenkmal\/FRAPORT statt. Hier erhielt dieser historische Wegweiser nach Berlin als Monument der \u00c4ra des Kalten Krieges Denkmalschutz.&nbsp; Die Autobahnmeisterei stellte mit Genehmigung und Unterst\u00fctzung durch Hessen Mobil (heute Autobahn GmbH des Bundes) das 40 Jahre lang auf dem eigenen Gel\u00e4nde sorgsam geh\u00fctete Mahnmal deutscher Nachkriegsgeschichte zur Verf\u00fcgung &#8211; als Dank versprach die Initiative Denkmalschutz f\u00fcr Berliner Meilensteine, eine originalgetreue Kopie des Meilensteins herzustellen und der Verkehrsinstitution auf diese Weise &#8222;ihren Stein&#8220; zur\u00fcckzugeben.<\/p>\n<p>Durch eine gro\u00dfe Spendenaktion wurde in einer arbeits- und zeitintensive Rekonstruktionsphase die Reproduktion des Berliner Meilensteins umgesetzt. Gro\u00dfz\u00fcgige Material- und Fertigungsspenden erm\u00f6glichten die Herstellung eines Zwillingsexemplars des Denkmals &#8211; dieses wurde im August 2020 Gegenstand des Ortsbeiratsbeschlusses.<\/p>\n<p>Anfang M\u00e4rz transportierte der LKW der Autobahnmeisterei die beiden Exemplare vom Betonwerk VILLA ROCCA in Viernheim zu ihrem jetzigen Aufbewahrungsort im Betrieb in Frankfurt Nieder- Eschbach &#8211; und eines davon landete nun am 14. Juli 2021 auf dem Randstreifen der Berliner Stra\u00dfe, nahe bei der Paulskirche.<\/p>\n<p>Fast genau 10 Jahre nach der Wiederentdeckung des Steins, der vorher beinahe 40 Jahre lang verschwunden war, ohne dass dies bemerkt wurde, konnte somit eine Probeaufstellung vor der Walter Kolb-Eiche nahe bei der Paulskirche verwirklicht werden. Initiiert wurde die Veranstaltung durch den Gr\u00fcnder der Initiative Denkmalschutz f\u00fcr Berliner Meilensteine in Kooperation mit zahlreichen Partnern und Frankfurter Dezernaten. <br>Der Ortsbeiratsbeschluss vom 18.8.2020, diesem Meilenstein hier einen Platz zuzuweisen, sollte mit dieser&nbsp; Demonstration konkretisiert werden &#8211; Denkmalaufstellung als Gedankenanregung.ngg_shortcode_1_placeholder<\/p>\n<p>Die Teilnehmer und Redner der Veranstaltung begr\u00fc\u00dften die Initiative, eine Replik des Berliner Meilensteins in die Innenstadt zu holen und w\u00fcrdigten den Ort der probeweisen Aufstellung &#8211; direkt an der Berliner Stra\u00dfe&nbsp; und in unmittelbarer N\u00e4he zur Paulskirche, dem zentralen Ort deutscher Demokratiegeschichte.<\/p>\n\n\n<p>&#8222;Wo der Meilenstein seinen endg\u00fcltigen Standort findet, l\u00e4sst sich aktuell noch nicht sagen, da ein endg\u00fcltiges Konzept f\u00fcr die Gestaltung des Paulskirche-Areals und des dazugeh\u00f6rigen Demokratiezentrums aktuell nicht final vorliegt. Deshalb ist eine Aktion wie diese gut und richtig, damit das Denkmal nicht ein zweites Mal in Vergessenheit ger\u00e4t. Ich danke allen Beteiligten f\u00fcr Ihr Engagement.&#8220;, so Tarkan Akman, Leiter des Hauptamtes und Stadtmarketing. &#8222;Mit der Meilenstein-Replik f\u00fcr die Frankfurter Innenstadt wurde ein wichtiges Symbol des Erinnerns an die deutsche Nachkriegsgeschichte, ein geteiltes und wiedervereintes Deutschland geschaffen.&#8220;, so Akman weiter.<\/p>\n\n\n\n<p>J\u00f6rg Steincke, Autobahn GmbH des Bundes, hielt diese Ansprache:<br>&#8222;In meiner Heimatstadt steht auch ein \u00b4Berliner Stein&#8216;. Der Standort ist gut gew\u00e4hlt &#8211; in der Berliner Allee. Erst in der Vorbereitung zu dem heutigen Termin habe ich den Bezug zur Autobahn nachvollziehen k\u00f6nnen und dass diese \u00b4Steine&#8216;, so auch dieser hier, fr\u00fcher einmal an der Autobahn gestanden haben. Im Mittelstreifen.<br>Nur daran f\u00e4hrt man viel zu schnell vorbei und nimmt ihn nicht wahr!<br>Aber hier an diesem geschichtstr\u00e4chtigen Ort, an einem Symbol der demokratischen Bewegung in Deutschland, f\u00fcr die B\u00fcrgerinnen und B\u00fcrger ein Kleindenkmal aufzustellen, halte ich f\u00fcr eine sehr gute Idee. Man kann hier verweilen, stehen bleiben und reflektieren, kurzum hier ist ein Platz zum Nachdenken, zum Erinnern. <\/p>\n\n\n\n<p>ngg_shortcode_2_placeholderDenn auch \u00b4Das Erinnern&#8216; an die Vergangenheit ist in der heutigen Zeit, in der die Wiedervereinigung schon  lange erfolgt ist, v\u00f6llig richtig und war bereits 1954 die Absicht!<br>In einem Artikel der ZEIT vom 21. Januar 1954 lautet der letzte Absatz:<br>\u00b4M\u00f6ge das, was wir jetzt als ein Mahnmal an unsere Stra\u00dfen setzen, in nicht zu ferner Zeit nur mehr ein Erinnerungszeichen sein an einen Zustand, dessen Unhaltbarkeit die Welt l\u00e4ngst eingesehen hat!&#8216; (Theodor Heuss).<br>In unserer schnelllebigen Zeit erscheint mir so ein \u00b4Berliner B\u00e4r&#8216; eine gelungene Idee zu sein, um auf unsere j\u00fcngere gemeinsame Vergangenheit aufmerksam zu machen, eine Anregung zum Erinnern zu geben und die Absicht der damaligen Generation auch tats\u00e4chlich wahr werden zu lassen.<br>Wof\u00fcr steht dieser Stein heute?<br>Dieser Stein steht f\u00fcr das, was sich durchgesetzt hat<\/p>\n\n\n\n<ul class=\"wp-block-list\"><li>Demokratie<\/li><li>Gleichheit<\/li><li>Freiheit<\/li><li>Solidarit\u00e4t und &#8211; Dialoge f\u00fchren.<br>Genau das sind auch wichtige Werte f\u00fcr die Autobahn GmbH, und daher sind wir schon ein bisschen Stolz, hier<br>einen kleinen Beitrag leisten zu d\u00fcrfen.<br>Vielen Dank.&#8220;<\/li><li>&#8212;&#8212;&#8212;&#8212;&#8212;&#8212;&#8212;&#8212;&#8212;&#8212;&#8212;&#8212;&#8212;&#8212;&#8212;&#8212;&#8212;&#8212;&#8212;&#8212;&#8212;&#8212;&#8212;&#8212;&#8212;&#8212;&#8212;&#8212;&#8212;&#8212;&#8212;&#8212;&#8212;&#8212;&#8212;&#8212;&#8212;&#8212;&#8212;&#8212;&#8212;&#8211;<\/li><\/ul>\n\n\n\n<p>So fand am geschichtstr\u00e4chtigen Datum, dem 14. Juli, der 1789 als Befreiung von der Tyrannei der Monarchie gefeiert wurde, eine symboltr\u00e4chtige Veranstaltung statt. Der Sturm auf die Bastille und die Zerst\u00f6rung dieses Symbols weisen den Weg in die Revolution von 1848, deren Leitideen und Ideale bis in die Gegenwart fortwirken und in der Paulskirche ihr heute noch bestehendes Denkmal gefunden haben. Und die \u00dcberwindung der Teilung Deutschlands durch den Fall der Berliner Mauer war zugleich auch das Ergebnis friedlicher, \u00fcberparteilicher Aktivit\u00e4ten, die sich in der Geschichte der Berliner Meilensteine widerspiegeln, die als Monumente der damals unvorstellbaren \u00dcberwindung der Teilung Deutschlands und Abriegelung Berlins die politischen Entwicklungen der Periode der Luftbr\u00fccke 1948 und die Daten des Kalten Krieges vom 17. Juni 1953 \u00fcber den 13. August 1961 bis zum Mauerfall ab 9. November 1989 ins Ged\u00e4chtnis rufen.<\/p>\n\n\n\n<p>Die Bastille als Fanal des Ancien R\u00e9gimes und die Berliner Mauer als Sinnbild des Kalten Krieges und der betonierten Freiheitsberaubung wurden schon kurz nach diesen beiden Revolutionen abgerissen und zum gr\u00f6\u00dften Teil zerst\u00f6rt. Teile der Bauwerke wurden als Souvenirs verkauft. Nur wenige Erinnerungsspuren an diese Monumente der Unterdr\u00fcckung blieben erhalten.<\/p>\n\n\n\n<p>Die Paulskirche als Denkmal der Demokratiegeschichte und die Berliner Meilensteine als Monumente des friedlichen Strebens nach Einheit und Freiheit werden vor dieser Art der Geschichtsbew\u00e4ltigung &#8211; Zerst\u00f6rung und Ausl\u00f6schung von Erinnerungsspuren &#8211; durch Denkmalschutz bewahrt: Ihr Erhalt als sichtbare Wahrzeichen auf dem Tr\u00fcmmerberg der Geschichte ist gesichert.<\/p>\n\n\n\n<p>Michael Damm<br>Initiative Denkmalschutz f\u00fcr Berliner Meilensteine Frankfurt, den 16. Juli 2021<\/p>\n","protected":false},"excerpt":{"rendered":"<p>Presseinformation 14.07.2021&nbsp; Frankfurt BM Probeweise in der N\u00e4he der Paulskirche aufgestellt<\/p>\n","protected":false},"author":3,"featured_media":0,"comment_status":"closed","ping_status":"open","sticky":false,"template":"","format":"standard","meta":{"ngg_post_thumbnail":0,"footnotes":""},"categories":[1,169,23,55,33,377,278,400,212,374,401,376,3,375],"tags":[],"class_list":["post-15484","post","type-post","status-publish","format-standard","hentry","category-allgemein","category-bdbfb","category-berliner-bar","category-berliner-mauer","category-berliner-meilensteine","category-berliner-strasse","category-berlins-regierender-buergermeister-willy-brandt","category-frankfurter-pauklskirche","category-initiative-denkmalschutz-fuer-berliner-meilensteine","category-jahr-2021","category-pressemitteilung","category-replik-berliner-meilenstein-frankfurt","category-topthema","category-villa-rocca-viernheim"],"_links":{"self":[{"href":"https:\/\/www.berliner-baerenfreunde.de\/web\/wp-json\/wp\/v2\/posts\/15484","targetHints":{"allow":["GET"]}}],"collection":[{"href":"https:\/\/www.berliner-baerenfreunde.de\/web\/wp-json\/wp\/v2\/posts"}],"about":[{"href":"https:\/\/www.berliner-baerenfreunde.de\/web\/wp-json\/wp\/v2\/types\/post"}],"author":[{"embeddable":true,"href":"https:\/\/www.berliner-baerenfreunde.de\/web\/wp-json\/wp\/v2\/users\/3"}],"replies":[{"embeddable":true,"href":"https:\/\/www.berliner-baerenfreunde.de\/web\/wp-json\/wp\/v2\/comments?post=15484"}],"version-history":[{"count":55,"href":"https:\/\/www.berliner-baerenfreunde.de\/web\/wp-json\/wp\/v2\/posts\/15484\/revisions"}],"predecessor-version":[{"id":15675,"href":"https:\/\/www.berliner-baerenfreunde.de\/web\/wp-json\/wp\/v2\/posts\/15484\/revisions\/15675"}],"wp:attachment":[{"href":"https:\/\/www.berliner-baerenfreunde.de\/web\/wp-json\/wp\/v2\/media?parent=15484"}],"wp:term":[{"taxonomy":"category","embeddable":true,"href":"https:\/\/www.berliner-baerenfreunde.de\/web\/wp-json\/wp\/v2\/categories?post=15484"},{"taxonomy":"post_tag","embeddable":true,"href":"https:\/\/www.berliner-baerenfreunde.de\/web\/wp-json\/wp\/v2\/tags?post=15484"}],"curies":[{"name":"wp","href":"https:\/\/api.w.org\/{rel}","templated":true}]}}