{"id":16507,"date":"2022-04-05T19:45:00","date_gmt":"2022-04-05T17:45:00","guid":{"rendered":"https:\/\/www.berliner-baerenfreunde.de\/web\/?p=16507"},"modified":"2023-10-25T00:21:07","modified_gmt":"2023-10-24T22:21:07","slug":"berliner-baer-in-oer-erkenschwick-nordrhein-westfalen","status":"publish","type":"post","link":"https:\/\/www.berliner-baerenfreunde.de\/web\/berliner-baer-in-oer-erkenschwick-nordrhein-westfalen\/","title":{"rendered":"Berliner B\u00e4r in Oer-Erkenschwick\/Nordrhein-Westfalen"},"content":{"rendered":"<p><!--more--><\/p>\n\n\n<p>Oer-Erkenschwick, Berliner B\u00e4r auf dem Berliner Platz<\/p>\n\n\n\n<p>1961, als der Aufbau des Stadtkerns erst in Angriff genommen war, weilte der Regierende B\u00fcrgermeister Willy Brandt in der Stimbergstadt, um hier mit der Bev\u00f6lkerung Oer-Erkenschwicks zu sprechen.<br>Er versprach zur Einweihung des Berliner Platzes wiederzukommen, konnte aber nicht mit seiner sich mehrenden Arbeitsbelastung rechnen. So musste er schon rechtzeitig seinen Zweitbesuch absagen.<br>Der Berliner Senator Neubauer, zust\u00e4ndig f\u00fcr Jugend und Sport, sollte die Aufgabe, das Berlin Symbol zu enth\u00fcllen, \u00fcbernehmen. Aber auch dieser Berliner Repr\u00e4sentant musste kurzfristig absagen.<\/p>\n\n\n\n<p><em><strong>1.Juni 1964<\/strong><\/em><br>Stellvertretend weilte Senatsdirektor S\u00fcnderhauf, einer der leitenden Beamten Berlins, in Oer-Erkenschwick. Er nahm zun\u00e4chst an einer Sondersitzung des Rates teil. B\u00fcrgermeister Netta erl\u00e4uterte kurz die Entwicklung im Aufbau des Berliner Platzes und \u00fcberreichte einen Ehrenteller der Stadt Oer-Erkenschwick als Erinnerungsgabe.<\/p>\n\n\n\n<p>Hans Holbar von der CDU betonte, dass die Franktion vor kurzem noch Berlin besucht habe und so auch die Probleme der geteilten Stadt in n\u00e4chster N\u00e4he erlebt hat. Beide Parteisprecher versicherten, den Kontakt untereinander weiter auszubauen.<\/p>\n\n\n\n<p>Senatsdirektor S\u00fcnderhauf zollte dem Bekenntnis f\u00fcr Berlin seine dankbare Anerkennung. Der Ehrenteller bekommt seinen Ehrenplatz im Sch\u00f6neberger Rathaus, dem Sitz des Berliner Senats, neben vielen anderen Zeichen der Verbundenheit mit Berlin. Wenn demn\u00e4chst Ratsherren und andere B\u00fcrger der Stimbergstadt nach Berlin k\u00e4men, so k\u00f6nnten sie das Erinnerungszeichen aus ihrer Stadt, wenn sie sich nur eifrig genug ums\u00e4hen.<\/p>\n\n\n\n<p>Willi Winter, 17 Jahre B\u00fcrgermeister von Oer-Erkenschwick, war in seiner Amtszeit oft in Berlin um an den Sitzungen des Kuratoriums &#8222;Ungeteiltes Deutschland&#8220; teilzunehmen. Es wurde immer nach Wegen gesucht, um den besten Weg zur Wiedervereinigung zu finden. Auch wenn alle Versuche fehlgeschlagen sind, m\u00fcsse weiterhin beharrlich um die Freiheit auch f\u00fcr den Teil Deutschlands gerungen werden, der heute noch in Unfreiheit lebt.<\/p>\n\n\n\n<p>Sp\u00e4ter sprachen B\u00fcrgermeister Netta und Senatsdirektor S\u00fcnderhauf vom Dach des Kassenhauses der Stadthalle zu den B\u00fcrgern der Stadt. Anschlie\u00dfend fand die \u00dcbergabe des Berlin-Symbols den Berliner B\u00e4ren und Mahnmals an eine geteilte Stadt und eines geteilten Landes auf dem Berliner Platz vor der Stadthalle statt. Dort stand der Berliner B\u00e4r bis 1989.<\/p>\n\n\n\n<p><em>Oer-Erkenschwick<\/em> <em>hat ein besonderes Verh\u00e4ltnis zu Berliner Familien.<\/em> Sie verbrachten drei Wochen in der Ferienzeit im Familienferienheim in Oer. Sie wurden von B\u00fcrgermeister Netta zu Kaffee und Kuchen eingeladen und bekamen zur Erinnerung das Buch der Stadt Oer-Erkenschwick und die Kinder eine Tafel Schokolade. Zudem bekamen sie viele Freizeitangebote, der Abschied fiel ihnen schwer.<\/p>\n\n\n\n<p><em><strong>Aber wer hat den Berliner B\u00e4ren gestaltet?<\/strong><\/em><\/p>\n\n\n\n<p>Bei dem Berlin-Denkmal den Berliner B\u00e4ren handelt es sich nach Informationen der Stadtverwaltung um eine Schenkung des damaligen Regierenden B\u00fcrgermeisters von Berlin, Willy Brandt. Der Berliner B\u00e4r stand bis zum Umbau 1989 auf dem Berliner Platz.<\/p>\n\n\n\n<p>Seit 1989 befand sich er sich in der Kleingartenanlage. Nach einem kurzen Intermezzo auf dem Baubetriebshof hat er auf der &#8222;Wiese der Freundschaft&#8220; seine Zuflucht gefunden. Dort sind auch die Symbole aller Partnerst\u00e4dte von Oer-Erkenschwick zu sehen.<\/p>\n\n\n\n<p>Auf dem Berliner Platz stand als Mittelpunkt eine gro\u00dfe Kastanie, die aber nicht mehr standsicher war und gef\u00e4llt werden musste.<\/p>\n\n\n\n<p>Der Entschluss, den Berliner B\u00e4ren wieder abzugeben, fiel allen nicht leicht. Die vorbereitenden Arbeiten im Kreisverkehr auf dem Berliner Platz sind schon erledigt. Die Umsetzung des Mahnmals \u00fcbernahm der Baubetriebshof.ngg_shortcode_0_placeholderngg_shortcode_1_placeholder<\/p>\n\n\n\n<p>Seitdem 13. August 2021 steht der Berliner B\u00e4r erneut auf dem Berliner Platz dank vieler Helfer und Unterst\u00fctzer. &#8222;Dass die Umsetzung genau am 60. Jahrestag des Mauerbaus in Berlin gelungen ist, wertet die Aktion umso mehr auf&#8220;, freute sich B\u00fcrgermeister Carsten Wewers.<\/p>\n\n\n\n<p>Quelle<br>Bettina Lehnert, Stadtarchiv Oer-Erkenschwick<br>Andre Thyret, Stadtmarketing &amp; \u00d6ffentlichkeitsarbeit<\/p>\n\n\n\nngg_shortcode_2_placeholder\n\n\n\n<p><\/p>\n","protected":false},"excerpt":{"rendered":"","protected":false},"author":3,"featured_media":0,"comment_status":"closed","ping_status":"open","sticky":false,"template":"","format":"standard","meta":{"ngg_post_thumbnail":0,"footnotes":""},"categories":[524,1,23,55,522,278,495,528,527,3],"tags":[526],"class_list":["post-16507","post","type-post","status-publish","format-standard","hentry","category-60-jahrestag-des-mauerbaus-in-berlin","category-allgemein","category-berliner-bar","category-berliner-mauer","category-berliner-platz","category-berlins-regierender-buergermeister-willy-brandt","category-jahr-2022","category-oer-erkenschwick","category-stadtwappen","category-topthema","tag-regierende-buergermeister-willy-brandt"],"_links":{"self":[{"href":"https:\/\/www.berliner-baerenfreunde.de\/web\/wp-json\/wp\/v2\/posts\/16507","targetHints":{"allow":["GET"]}}],"collection":[{"href":"https:\/\/www.berliner-baerenfreunde.de\/web\/wp-json\/wp\/v2\/posts"}],"about":[{"href":"https:\/\/www.berliner-baerenfreunde.de\/web\/wp-json\/wp\/v2\/types\/post"}],"author":[{"embeddable":true,"href":"https:\/\/www.berliner-baerenfreunde.de\/web\/wp-json\/wp\/v2\/users\/3"}],"replies":[{"embeddable":true,"href":"https:\/\/www.berliner-baerenfreunde.de\/web\/wp-json\/wp\/v2\/comments?post=16507"}],"version-history":[{"count":13,"href":"https:\/\/www.berliner-baerenfreunde.de\/web\/wp-json\/wp\/v2\/posts\/16507\/revisions"}],"predecessor-version":[{"id":18302,"href":"https:\/\/www.berliner-baerenfreunde.de\/web\/wp-json\/wp\/v2\/posts\/16507\/revisions\/18302"}],"wp:attachment":[{"href":"https:\/\/www.berliner-baerenfreunde.de\/web\/wp-json\/wp\/v2\/media?parent=16507"}],"wp:term":[{"taxonomy":"category","embeddable":true,"href":"https:\/\/www.berliner-baerenfreunde.de\/web\/wp-json\/wp\/v2\/categories?post=16507"},{"taxonomy":"post_tag","embeddable":true,"href":"https:\/\/www.berliner-baerenfreunde.de\/web\/wp-json\/wp\/v2\/tags?post=16507"}],"curies":[{"name":"wp","href":"https:\/\/api.w.org\/{rel}","templated":true}]}}