{"id":18071,"date":"2023-06-22T17:01:38","date_gmt":"2023-06-22T15:01:38","guid":{"rendered":"https:\/\/www.berliner-baerenfreunde.de\/web\/?p=18071"},"modified":"2024-01-14T11:28:34","modified_gmt":"2024-01-14T10:28:34","slug":"kronprinzenpalais-berlin","status":"publish","type":"post","link":"https:\/\/www.berliner-baerenfreunde.de\/web\/kronprinzenpalais-berlin\/","title":{"rendered":"Kronprinzenpalais (Berlin) Unter den Linden 3"},"content":{"rendered":"<p><!--more--><\/p>\n\n\n<p>Kronprinzenpalais (Berlin)<\/p>\n\n\n\n<p>Das Kronprinzenpalais ist ein Baudenkmal am Boulevard Unter den Linden 3 im Berliner Ortsteil Mitte und Teil des Forum Fridericianum. Es wurde im Jahr 1663 von einem unbekannten Baumeister errichtet und zuletzt 1857 von Heinrich Strack im Stil des Klassizismus umgebaut. Im Zweiten Weltkrieg ausgebrannt und 1961 abgerissen, wurde es 1968-1970 von Richard Paulick als Palais Unter den Linden rekonstruiert.<br>Am 31. August 1990 wurde im Kronprinzenpalais der Einigungsvertrag zwischen der Bundesrepublik Deutschland und der Deutschen Demokratischen Republik unterzeichnet.<\/p>\n\n\n\n<p><strong><em>Wiederaufbau und Nutzung seit 1968<\/em><\/strong><\/p>\n\n\n\n<p>In den Jahren 1968-1970 baute Richard Paulick das Kronprinzenpalais unter dem Namen Palais Unter den Linden in gegen\u00fcber dem Vorkriegszustand ver\u00e4nderter Form wieder auf. Dabei erh\u00f6hte er den Seitenfl\u00fcgel um ein Stockwerk und verschm\u00e4lerte den Balkon im ersten Obergeschoss auf eine Fensterachse. Der aufgestockte Seitenfl\u00fcgel sollte daf\u00fcr sorgen, dass das dreigeschossige Palais Unter den Linden vor dem Hintergrund des 44 Meter hohen Ministeriums f\u00fcr Ausw\u00e4rtige Angelegenheiten der DDR optisch nicht erdr\u00fcckt wurde. <\/p>\n\n\n\n<p>Auf den Troph\u00e4enschmuck \u00fcber den Fenstern im Erdgeschoss wurde  ebenso verzichtet wie auf die Adlerplastiken am Akanthusfries zwischen dem ersten und zweiten Obergeschoss. Weiterhin ersetzte Paulick den Troph\u00e4enschmuck \u00fcber dem Mittelrisalit durch G\u00f6tterskulpturen. Die Innenr\u00e4ume wurden entsprechend der Nutzung als G\u00e4stehaus des Magistrats von Ost-Berlin in moderner Form ausgestattet. Den Garten des Kronprinzenpalais schloss Paulick mit der Gastst\u00e4tte &#8222;Schinkelklause&#8220; ab, die heute als Schinkelpavillon f\u00fcr Kunstausstellungen genutzt wird. An der Fassade wurden das linke Bronzeportal und mehrere Terrakottaplatten der 1962 abgerissenen Bauakademie von Karl Friedrich Schinkel angebracht.<br>Der \u00fcber Stra\u00dfenniveau liegende Garten des Kronprinzenpalais, unter dem sich eine Tiefgarage befindet, wurde 1969-1970 nach Pl\u00e4nen von Walter Hinkefu\u00df angelegt und erstreckt sich von der Niederlagstra\u00dfe bis zur Oberwallstra\u00dfe. Von der Terrasse des Kronprinzenpalais f\u00fchrt eine breite Freitreppe zu einer tieferen Rasenfl\u00e4che, die \u00f6stlich von Rosenbeeten und westlich von Baumreihen begrenzt wird. Bis zur s\u00fcdlichen Schinkelklause, wo der Garten mit Str\u00e4uchern und Stauden bepflanzt ist, steigt er wieder<br>terrassenf\u00f6rmig an. Im Garten sind die Bronzeplastiken Lebensfreude von Senta Baldamus,<br>Die Sonnenbadende von Gerhard Lichtenfeld und Der Hockende von Gerhard Thieme aufgestellt.<\/p>\n\n\n\n<p><strong><em>Am 21. Dezember 1972<\/em><\/strong> fand im Kronprinzenpalais ein Buffet anl\u00e4sslich der Unterzeichnung des Grundlagenvertrages zwischen der DDR und der Bundesrepublik Deutschland statt.<br>Neben dem Geb\u00e4ude, anstelle des abgerissenen Kommandantenhauses, wurde 1981 vor\u00fcbergehend das Stein-Denkmal aufgestellt. Am 31. August 1990 wurde im Kronprinzenpalais der Einigungsvertrag unterzeichnet, und der Senat von Berlin \u00fcbernahm das Geb\u00e4ude.<br>In den Jahren nach der Wiedervereinigung war das Kronprinzenpalais als Sitz des Bundespr\u00e4sidenten im Gespr\u00e4ch. Allerdings l\u00f6ste der Vorschlag Kritik aus, weil das Bundespr\u00e4sidialamt auch die angrenzenden Liegenschaften f\u00fcr sich beanspruchte. Darunter fiel auch das Prinzessinnenpalais, in dem das Operncaf\u00e9 untergebracht war. F\u00fcr das Caf\u00e9 h\u00e4tte sich kaum ein ad\u00e4quater Ersatzort gefunden. Als die Diskussion st\u00e4rker wurde, zog Bundespr\u00e4sident Richard von Weizs\u00e4cker einen Schlussstrich, indem er 1994 den bisherigen Nebensitz Schloss Bellevue endg\u00fcltig zum ersten Amtssitz des Bundespr\u00e4sidenten bestimmte. W\u00e4hrend der Sanierung von Schloss Bellevue in den Jahren 2004-2005 nutzte das Bundespr\u00e4sidialamt das Palais f\u00fcr Staatsempf\u00e4nge.<br><\/p>\n\n\n\n<p><\/p>\n\n\n\n<p><strong><em>Zwischen 1998 und 2003 <\/em><\/strong>nutzte das Deutsche Historische Museum w\u00e4hrend der Sanierung seines Haupthauses, des Zeughauses, das Palais f\u00fcr Wechselausstellungen, die heute in dem neuer\u00f6ffneten Anbau des Museums stattfinden. Auch nach dem Auszug des Historischen Museums wird das Kronprinzenpalais weiter f\u00fcr Ausstellungen und andere Kulturevents genutzt; so war hier 2005 die gro\u00dfe Ausstellung &#8222;Albert Einstein &#8211; Ingenieur des Universums&#8220; zu sehen.<br>Im Fr\u00fchjahr 2006 beherbergte das Kronprinzenpalais das interaktive Theaterst\u00fcck Alma \u00fcber die K\u00fcnstlermuse Alma Mahler-Werfel, bei dem die verschiedenen Szenen simultan in allen R\u00e4umen des Geb\u00e4udes gespielt wurden. Zu diesem Zweck wurde das Palais im Inneren tempor\u00e4r historisch rekonstruiert. Im Herbst 2006 fand im Kronprinzenpalais die kontroverse Ausstellung &#8222;Erzwungene Wege &#8211; Flucht und Vertreibung im Europa des 20. Jahrhunderts&#8220; statt.<br>Nach einem Vergleich zwischen dem Land Berlin, dem Bundesamt f\u00fcr zentrale Dienste und offene Verm\u00f6gensfragen und der Bundesanstalt f\u00fcr Immobilienaufgaben vom 4. April 2012 bleibt die Immobilie<br>im Eigentum der Bundesanstalt f\u00fcr Immobilienaufgaben, die das Geb\u00e4ude fortan als Veranstaltungsst\u00e4tte<br>nutzen wird. Das Kronprinzenpalais dient u.a. seit 2015 als Veranstaltungsort der Berlin Fashion Week.<\/p>\n\n\n\n<p>Quelle WIKIPEDIA<\/p>\n\n\n\n<p><strong><em>Kronprinzenpalais \u2013 Wirtschaftshof, Tor mit Berliner B\u00e4r<\/em><\/strong><\/p>\n\n\n\n<p>Der Berliner B\u00e4r im Torgitter des Wirtschaftshofes des Kronprinzenpalais befindet sich an der Niederschlagstra\u00dfe 22.<\/p>\n\n\n\n<p>Vor kurzem besuchte ich das Berliner Schloss. Das Kronprinzenpalais mit seinem Wirtschaftshof ist nach dem Bau der H\u00e4user an der Niederschlagstra\u00dfe und am Schinkelplatz von dort aus nicht mehr zu sehen. Das Kronprinzenpalais und der Wirtschaftshof stehen unter Denkmalschutz.<\/p>\n\n\n\n<p>Christa Junge<\/p>\n\n\n\nngg_shortcode_0_placeholder\n","protected":false},"excerpt":{"rendered":"","protected":false},"author":3,"featured_media":0,"comment_status":"closed","ping_status":"open","sticky":false,"template":"","format":"standard","meta":{"ngg_post_thumbnail":0,"footnotes":""},"categories":[1,166,23,644,643,614,642,646,645,382,3,132,647],"tags":[],"class_list":["post-18071","post","type-post","status-publish","format-standard","hentry","category-allgemein","category-ausstellungen","category-berliner-bar","category-einigungsvertrag","category-gaststaette-schinkelklause","category-jahr-2023","category-kronprinzenpalais","category-operncafe","category-prinzessinnenpalais","category-schloss-bellevue","category-topthema","category-unter-den-linden","category-wirschaftshof"],"_links":{"self":[{"href":"https:\/\/www.berliner-baerenfreunde.de\/web\/wp-json\/wp\/v2\/posts\/18071","targetHints":{"allow":["GET"]}}],"collection":[{"href":"https:\/\/www.berliner-baerenfreunde.de\/web\/wp-json\/wp\/v2\/posts"}],"about":[{"href":"https:\/\/www.berliner-baerenfreunde.de\/web\/wp-json\/wp\/v2\/types\/post"}],"author":[{"embeddable":true,"href":"https:\/\/www.berliner-baerenfreunde.de\/web\/wp-json\/wp\/v2\/users\/3"}],"replies":[{"embeddable":true,"href":"https:\/\/www.berliner-baerenfreunde.de\/web\/wp-json\/wp\/v2\/comments?post=18071"}],"version-history":[{"count":20,"href":"https:\/\/www.berliner-baerenfreunde.de\/web\/wp-json\/wp\/v2\/posts\/18071\/revisions"}],"predecessor-version":[{"id":18254,"href":"https:\/\/www.berliner-baerenfreunde.de\/web\/wp-json\/wp\/v2\/posts\/18071\/revisions\/18254"}],"wp:attachment":[{"href":"https:\/\/www.berliner-baerenfreunde.de\/web\/wp-json\/wp\/v2\/media?parent=18071"}],"wp:term":[{"taxonomy":"category","embeddable":true,"href":"https:\/\/www.berliner-baerenfreunde.de\/web\/wp-json\/wp\/v2\/categories?post=18071"},{"taxonomy":"post_tag","embeddable":true,"href":"https:\/\/www.berliner-baerenfreunde.de\/web\/wp-json\/wp\/v2\/tags?post=18071"}],"curies":[{"name":"wp","href":"https:\/\/api.w.org\/{rel}","templated":true}]}}