{"id":19206,"date":"2024-06-20T11:48:00","date_gmt":"2024-06-20T09:48:00","guid":{"rendered":"https:\/\/www.berliner-baerenfreunde.de\/web\/?p=19206"},"modified":"2024-07-14T11:54:56","modified_gmt":"2024-07-14T09:54:56","slug":"besuch-im-atelier-von-uwe-tabatt-4-mai-2024-tag-des-offenen-ateliers-in-glienicke","status":"publish","type":"post","link":"https:\/\/www.berliner-baerenfreunde.de\/web\/besuch-im-atelier-von-uwe-tabatt-4-mai-2024-tag-des-offenen-ateliers-in-glienicke\/","title":{"rendered":"Besuch im Atelier von Uwe Tabatt  4. Mai 2024                                     Tag des OFFENEN ATELIERS in Glienicke"},"content":{"rendered":"\n<p>Tag des OFFENEN ATELIERS in Glienicke<\/p>\n\n\n<p><!--more--><\/p>\n\n\n<p>Das war ein Termin, den ich in Vertretung der &#8222;Berliner B\u00e4renfreunde e.V.&#8220; sehr gern wahrnahm, zumal ich mit unserer Vorsitzenden Frau Junge bereits als &#8222;unvoreingenommener Neuling&#8220; seiner Kunst zwei Mal Ausstellungen von Uwe Tabatt in Oranienburg besucht hatte. <br \/>Seine Werke haben mir auf Anhieb gefallen und er als K\u00fcnstler strahlte sofort Sympathie und Bodenst\u00e4ndigkeit aus, das ist durchaus nicht immer selbst verst\u00e4ndlich. Mir wurde dann bekannt, dass zwischen dem Verein mit                                                                                                                            Frau Junge und dem K\u00fcnstler bereits langj\u00e4hrige Kontakte bestehen, die v.a. im Themenkomplex &#8222;Wappentiere&#8220; zum Ausdruck kommen.<\/p>\n\n\n\n<p>Der Tag des offenen Ateliers im Land Brandenburg, an dem er sich beteiligte,                                          bot nochmal einen anderen, tieferen Einblick in sein Schaffen. Man befand sich sozusagen an der Quelle, dem Wohnbereich mit Atelier, wo Uwe Tabatt mit seiner Familie lebt, in einem naturnahen Umfeld sowohl Inspirationen empfangen, sie weiterf\u00fchren v.a. aber umsetzen kann!<br \/>Ich betrat eine bzw. mehrere &#8222;Vorratskammern&#8220; wo Gedanken und Materialien f\u00fcr Neues \/ Entstehendes mit einer Vielzahl an Objekten des bisherigen Schaffens verwahrt werden und gut verpackt auf ihren erneuten Einsatz f\u00fcr thematische Ausstellungen im In- und Ausland warten.<br \/>Das braucht jede Menge Raum &#8211; nicht nur k\u00fcnstlerisch-gedanklich, sondern auch f\u00fcr die praktische Umsetzung! Deshalb wurde dem bisherigen Atelier ein Wintergarten zugef\u00fcgt, um den Arbeitsplatz an der Staffelei oder der &#8222;Werkbank&#8220; entlasten.<\/p>\n\n\n\n<p>Schon bei meiner Ankunft kurz nach 14 Uhr, wurde ich im Garten von Uwe Tabatt begr\u00fc\u00dft, wo direkt  einige seiner Skulpturen warteten, es gab mir ein &#8222;heimelig-famili\u00e4res&#8220; Gef\u00fchl.<br \/>Als dann eine kleine Gruppe von Besuchern zusammenkam erl\u00e4uterte unser K\u00fcnstler nochmal seine Motivation, Inspiration, welche Formen (z.B. rund\u2026) und Materialvielfalt er bevorzugt: hier geht es ihm auch um Wiederverwendung \/ Nachhaltigkeit &#8211; wie z.B. Autoreifen, Werkzeuge, Musikinstrumente, B\u00fccher, Kunststoffgegenst\u00e4nde, Naturmaterialien, die man ansonsten entsorgen w\u00fcrde. Die unterschiedlichen Materialien und die Inspirationen sind dann Ausgangspunkt f\u00fcr sein Schaffen, das er, wie mehrfach betont Gegenwartsproblemen aus unterschiedlicher Perspektive, aber in der Regel mit optimistischem &#8222;Augenzwinkern&#8220; widmet.<\/p>\n\n\n\n<p>Es sind einige Werkreihen bzw. Schwerpunkte, die er immer wieder mit neuen Ideen erweitert: &#8222;Wappentiere &#8211; hier Berlin und Brandenburg&#8220; &#8222;Urbanismen&#8220; &#8222;Zwischenwelten&#8220; &#8222;Kommunikation&#8220; Musik (u.a. African Soul)&#8220; Law &amp; OrderDer Gang durch das &#8222;Offene Atelier&#8220; war ein zwangloses Durchstreifen mehrerer R\u00e4ume: <strong><em>Der neue Wintergarten &#8211; Erweiterungsbau<\/em><\/strong>, der v.a. Ausstellungszwecken dienen soll (s. Einleitung).<br \/>Dieser helle, lichtdurchflutete Raum, schuf eine Verbindung zum Garten. Hier traf ich einige bereits &#8222;vertraute&#8220; aber auch mir weniger bekannte Skulpturen der verschiedenen Themenbereiche wieder, so u.a.: &#8222;Juradendron&#8220;, &#8222;Orientierung&#8220; aus &#8222;Law &amp; Order &#8222;Wildwuchs&#8220;, &#8222;Waschstra\u00dfe&#8220; aus &#8222;Urbanismen&#8220;, aber auch Werke auf Leinwand, die auf die wenigen Wandfl\u00e4chen verteilt waren, wie &#8222;Headwind&#8220; &#8218; aus &#8222;Kommunikation&#8220; oder &#8222;Rosenthaler Platz&#8220; &#8218; aus &#8222;Wappentiere&#8220;<\/p>\n\n\n\n<p><strong><em>Der Hauptatelierraum<\/em><\/strong> &#8211; er ist das Schaffenszentrum und an dem Tag das Herz der sehr pers\u00f6nlichen Kommunikation zwischen Uwe Tabatt, seiner Familie und den Besucher:innen. An einem Tresen wurden von den T\u00f6chtern freundlich und mit viel Geduld Fragen beantwortet, sowie Erinnerungsst\u00fccke (Kopien auf Leinwand, Kunstpostkarten und Sticker) zum Kauf angeboten.<br \/>In der Mitte des Raumes war f\u00fcr St\u00e4rkung reichlich gesorgt: mit selbstgebackenem Kuchen, kleinen Snacks und verschiedenster Getr\u00e4nke.<\/p>\n\n\n\n<p>Man konnte auch einen Blick auf Arbeitsger\u00e4te, wie Pinsel, Farben etc. werfen, die in einem an eine &#8222;K\u00fcche&#8220; erinnernden Bereich ihren Platz fanden und wo auch dies und jenes Beispiel k\u00fcnstlerischer Versuche der T\u00f6chter aus ihrer &#8222;Kleinkindzeit&#8220; zu bewundern war, was dem Raum eine sehr pers\u00f6nliche, sympathische Note verlieh. Auf der Staffelei befand sich ein noch nicht vollendetes Werk, zu dem der K\u00fcnstler einige Erl\u00e4uterungen gab, ich jedoch leider etwas zu sp\u00e4t kam (Acryl auf Leinwand und zentral ein &#8222;alter&#8220;, zerlegter Globus).<\/p>\n\n\n\n<p>Meine Vermutung &#8211; Gefahren f\u00fcr unsere Erde (Klima, Umwelt, Waffen, Kriege) &#8218; auf jeden Fall<br \/>etwas um die eigenen Gedanken zu aktivieren\u2026!<\/p>\n\n\n\n<p>Auch die kleinen Nebenr\u00e4ume und Nischen boten noch interessante Einblicke. An den gr\u00f6\u00dferen W\u00e4nden lagerte verpackt Werke, die auf ihren Einsatz bei Ausstellungen\/Pr\u00e4sentationen warteten &#8217;sie jeweils bereitzustellen ist durchaus eine logistische Herausforderung ! \u00dcberall erfreuten Plakate (an fr\u00fchere Events erinnernd), vertraute Werke vermischt mit Alltagsgegenst\u00e4nden, die auch zum Schmunzeln anregten: Unter dem Bild &#8222;Wo bleibt das Geld?&#8220; &#8218; aus &#8222;Wappentiere&#8220; stand eine kleine Bratpfanne mit einigen Cent darin, die dazu animierte ebenfalls ein paar &#8222;Groschen&#8220; hinzuzuf\u00fcgen. Hier war auch Frau Tabatt anzutreffen, die ebenfalls Fragen freundlich beantwortete. <br \/>Kleines Res\u00fcmee. Der Besuch war ein Blick hinter die &#8222;Kulissen&#8220; und eine echte Wohlf\u00fchlzeit!!!<br \/><strong><em>Deshalb sei hier Herrn Tabatt und seiner Familie nochmals herzlichst gedankt!!!<\/em><\/strong><\/p>\n\n\n\n<p>Derzeit kann man auch eine Auswahl seiner Werke in Berlin bewundern, u.a.:<br \/>KaDeWe &#8211; Wintergarten, Adlon\/Kempinski: Foyer der Brasserie und im Adlon To Go<br \/>Weitere Infos und Aktuelles finden Sie unter:<\/p>\n\n\n<p><a href=\"https:\/\/www.uwetabatt.de\">https:\/\/www.uwetabatt.de<\/a><\/p>\n\n\n<p>Monika Schmidt, Mai 2024<\/p>\n\n\n\n<p><\/p><p><\/p><p class=\"MsoNormal\"><span lang=\"EN-US\" style=\"font-size:14.0pt;line-height:107%;\nfont-family:&quot;Arial&quot;,sans-serif;mso-ansi-language:EN-US\">ngg_shortcode_0_placeholder<\/span><\/p>\n","protected":false},"excerpt":{"rendered":"<p>Tag des OFFENEN ATELIERS in Glienicke<\/p>\n","protected":false},"author":3,"featured_media":0,"comment_status":"closed","ping_status":"open","sticky":false,"template":"","format":"standard","meta":{"ngg_post_thumbnail":0,"footnotes":""},"categories":[660,716,3,224],"tags":[],"class_list":["post-19206","post","type-post","status-publish","format-standard","hentry","category-jahr-2024","category-tag-des-offenen-ateliers-in-glinicke","category-topthema","category-uwe-tabatt"],"_links":{"self":[{"href":"https:\/\/www.berliner-baerenfreunde.de\/web\/wp-json\/wp\/v2\/posts\/19206","targetHints":{"allow":["GET"]}}],"collection":[{"href":"https:\/\/www.berliner-baerenfreunde.de\/web\/wp-json\/wp\/v2\/posts"}],"about":[{"href":"https:\/\/www.berliner-baerenfreunde.de\/web\/wp-json\/wp\/v2\/types\/post"}],"author":[{"embeddable":true,"href":"https:\/\/www.berliner-baerenfreunde.de\/web\/wp-json\/wp\/v2\/users\/3"}],"replies":[{"embeddable":true,"href":"https:\/\/www.berliner-baerenfreunde.de\/web\/wp-json\/wp\/v2\/comments?post=19206"}],"version-history":[{"count":23,"href":"https:\/\/www.berliner-baerenfreunde.de\/web\/wp-json\/wp\/v2\/posts\/19206\/revisions"}],"predecessor-version":[{"id":19298,"href":"https:\/\/www.berliner-baerenfreunde.de\/web\/wp-json\/wp\/v2\/posts\/19206\/revisions\/19298"}],"wp:attachment":[{"href":"https:\/\/www.berliner-baerenfreunde.de\/web\/wp-json\/wp\/v2\/media?parent=19206"}],"wp:term":[{"taxonomy":"category","embeddable":true,"href":"https:\/\/www.berliner-baerenfreunde.de\/web\/wp-json\/wp\/v2\/categories?post=19206"},{"taxonomy":"post_tag","embeddable":true,"href":"https:\/\/www.berliner-baerenfreunde.de\/web\/wp-json\/wp\/v2\/tags?post=19206"}],"curies":[{"name":"wp","href":"https:\/\/api.w.org\/{rel}","templated":true}]}}