{"id":19768,"date":"2025-12-02T19:45:25","date_gmt":"2025-12-02T18:45:25","guid":{"rendered":"https:\/\/www.berliner-baerenfreunde.de\/web\/?p=19768"},"modified":"2026-01-04T11:08:56","modified_gmt":"2026-01-04T10:08:56","slug":"ausstellung-der-galerie-hinter-dem-rathaus-in-der-gerichtslaube-des-rathausesguenter-anlauf-von-baeren-nixen-und-fabelwesen","status":"publish","type":"post","link":"https:\/\/www.berliner-baerenfreunde.de\/web\/ausstellung-der-galerie-hinter-dem-rathaus-in-der-gerichtslaube-des-rathausesguenter-anlauf-von-baeren-nixen-und-fabelwesen\/","title":{"rendered":"Ausstellung der Galerie Hinter dem Rathaus in der Gerichtslaube des RathausesG\u00fcnter Anlauf &#8211; Von B\u00e4ren, Nixen und Fabelwesen"},"content":{"rendered":"<p><!--more--><\/p>\n<p>Er\u00f6ffnung: Freitag, 14. November 2025, um 17.00 Uhr<\/p>\n<p>Achtzig Jahre nach dem Zweiten Weltkrieg ist es ein passender Zeitpunkt, sich nach K\u00fcnstlerinnen und K\u00fcnstlern umzusehen, die sich am Wiederaufbau des kriegszerst\u00f6rten Deutschlands beteiligt haben. Durch die j\u00fcngsten Ereignisse unserer Zeit bekommt die Ausstellung G\u00fcnter Anlauf &#8211; Von B\u00e4ren, Nixen und Fabelwesen eine ungewollte Aktualit\u00e4t.<\/p>\n<p>Der K\u00fcnstler G\u00fcnter Anlauf (1924-2000) geh\u00f6rt zu einer fast vergessenen Generation. Eine sorglose Jugendzeit war durch Krieg und Dienst an der Waffe f\u00fcr den Schlesier nicht m\u00f6glich. 1945 kehrt er verletzt aus sowjetischer Kriegsgefangenschaft zur\u00fcck und geht nach Berlin. Er besucht die neu gegr\u00fcndete Kunsthochschule Wei\u00dfensee und finanziert sich den Lebensunterhalt durch Arbeiten am Bau. Um seine Begabung f\u00fcr die Bildhauerei weiter auszubilden, absolviert er zus\u00e4tzlich eine Steinmetzlehre. Anschlie\u00dfend wird er Restaurator am Charlottenburger Schloss und arbeitet am Wiederaufbau des Schlosses mit. Sein Ziel war stets, Sch\u00f6nes zu gestalten. Zu seinen bekanntesten<br \/>Arbeiten geh\u00f6ren die Gro\u00dfplastiken eines B\u00e4ren an der Autobahn und auf der Moabiter Br\u00fccke in Berlin.<\/p>\n<p>Die Ausstellung in der Gerichtslaube des Wismarer Rathauses zeigt Plastiken und Bauteile aus verschiedenen Materialien, die einem Sammler aus dem Bremer Umland geh\u00f6ren. Er hat den K\u00fcnstler \u00fcber drei Jahrzehnte begleitet und zahlreiche Werke erworben, die heute in der Familie verteilt und gesch\u00e4tzt werden.<\/p>\n<p>Abbildung: G\u00fcnter Anlauf, Modell Autobahnb\u00e4r, 1983, Aluminium<br \/>Foto: Malte Kirst<\/p>\n<p>Die Er\u00f6ffnung findet am14. November 2025 um 17.00 Uhr statt.<\/p>\n<p>\u00d6ffnungszeiten<br \/>Montag bis Freitag:<br \/>10.00 Uhr bis 18.00 Uhr<br \/>Samstag:<br \/>10.00 Uhr bis 16.00 Uhr<br \/>Sonntag: geschlossen<\/p>\n<p>F\u00fchrungen mit der KuratorinDr. Karen E. Hammer<br \/>Samstag, 22.11.2025 | 14.00 Uhr<br \/>Samstag, 29.11.2025 | 14.00 Uhr<br \/>Freitag, 05.12.2025 | 14.00 Uhr<br \/>Samstag, 13.12.2025 | 14.00 Uhr<br \/>Eintritt und F\u00fchrungen: kostenfrei<\/p>\n<p>&nbsp;<\/p>\nngg_shortcode_0_placeholder\n<p>&nbsp;<\/p>\n<p>&nbsp;<\/p>\n\n\n<p><\/p>\n","protected":false},"excerpt":{"rendered":"","protected":false},"author":3,"featured_media":0,"comment_status":"closed","ping_status":"open","sticky":false,"template":"","format":"standard","meta":{"ngg_post_thumbnail":0,"footnotes":""},"categories":[702,1,753,23,380,755,3],"tags":[],"class_list":["post-19768","post","type-post","status-publish","format-standard","hentry","category-zwei-berliner-baeren-in-groemitz","category-allgemein","category-ausstellung-guenter-anlauf-von-baeren-nixen-und-fabelwesen","category-berliner-bar","category-guenter-anlauf","category-jahr-2026","category-topthema"],"_links":{"self":[{"href":"https:\/\/www.berliner-baerenfreunde.de\/web\/wp-json\/wp\/v2\/posts\/19768","targetHints":{"allow":["GET"]}}],"collection":[{"href":"https:\/\/www.berliner-baerenfreunde.de\/web\/wp-json\/wp\/v2\/posts"}],"about":[{"href":"https:\/\/www.berliner-baerenfreunde.de\/web\/wp-json\/wp\/v2\/types\/post"}],"author":[{"embeddable":true,"href":"https:\/\/www.berliner-baerenfreunde.de\/web\/wp-json\/wp\/v2\/users\/3"}],"replies":[{"embeddable":true,"href":"https:\/\/www.berliner-baerenfreunde.de\/web\/wp-json\/wp\/v2\/comments?post=19768"}],"version-history":[{"count":7,"href":"https:\/\/www.berliner-baerenfreunde.de\/web\/wp-json\/wp\/v2\/posts\/19768\/revisions"}],"predecessor-version":[{"id":19809,"href":"https:\/\/www.berliner-baerenfreunde.de\/web\/wp-json\/wp\/v2\/posts\/19768\/revisions\/19809"}],"wp:attachment":[{"href":"https:\/\/www.berliner-baerenfreunde.de\/web\/wp-json\/wp\/v2\/media?parent=19768"}],"wp:term":[{"taxonomy":"category","embeddable":true,"href":"https:\/\/www.berliner-baerenfreunde.de\/web\/wp-json\/wp\/v2\/categories?post=19768"},{"taxonomy":"post_tag","embeddable":true,"href":"https:\/\/www.berliner-baerenfreunde.de\/web\/wp-json\/wp\/v2\/tags?post=19768"}],"curies":[{"name":"wp","href":"https:\/\/api.w.org\/{rel}","templated":true}]}}