{"id":2238,"date":"2013-04-20T09:56:27","date_gmt":"2013-04-20T07:56:27","guid":{"rendered":"http:\/\/www.berliner-baerenfreunde.de\/web\/?p=2238"},"modified":"2013-05-04T11:17:04","modified_gmt":"2013-05-04T09:17:04","slug":"konnen-berlins-stadtbaren-verreisen","status":"publish","type":"post","link":"https:\/\/www.berliner-baerenfreunde.de\/web\/konnen-berlins-stadtbaren-verreisen\/","title":{"rendered":"K\u00f6nnen Berlins Stadtb\u00e4ren verreisen?"},"content":{"rendered":"<p>Bericht aus DER TAGESSPIEGEL vom 20.04.2013<!--more--><strong>Berlin<\/strong><\/p>\n<p>Das Schicksal der beiden hoch betagten Stadtb\u00e4ren Maxi und Schnute bleibt ungewiss.<\/p>\n<p>Nach dem Willen der Bezirksverordnetenversammlung von Mitte sollen bis Ende des Monats Fachleute den Gesundheitszustand der Tiere in ihrem Zwinger im K\u00f6llnischen Park untersuchen. Erst dann werde \u00fcber einen von Tiersch\u00fctzern schon lange geforderten Umzug der beiden Damen im Alter von 26 und 31 Jahren in ein gr\u00f6\u00dferes B\u00e4rengehege au\u00dferhalb Berlins entschieden, hei\u00dft es in einem Beschluss. Insbesondere solle die Reisetauglichkeit und die F\u00e4higkeit der Eingew\u00f6hnung in einer neuen Umgebung getestet werden.<\/p>\n<p>Wie berichtet, verlangen der Berliner Tierschutzbeauftragte Professor Horst Spielmann, die Tierschutzorganisation Vier Pfoten und andere Verb\u00e4nde die Umsiedlung aus der 1939 er\u00f6ffneten und immer wieder als zu eng kritisierten Anlage in Mitte in einen Braunb\u00e4renpark.<\/p>\n<p>Bisher haben sich sowohl der Wildpark Johannism\u00fchle s\u00fcdlich Berlins als auch der B\u00e4renwald M\u00fcritz in Mecklenburg-Vorpommern zur Aufnahme der Braunb\u00e4ren bereiterkl\u00e4rt. Das Bezirksamt hatte sich bisher gegen einen Umzug ausgesprochen, um den Tieren unn\u00f6tigen Stress zu ersparen. Sie sollten bis zu ihrem Tod im K\u00f6llnischen Park bleiben.<br \/>\nClaus-Dieter Steyer<\/p>\n<p>DER TAGESSPIEGEL<br \/>\nSamstag, 20. April 2013<\/p>\n<p><a href=\"http:\/\/www.tagesspiegel.de\/berlin\/koennen-berlins-stadtbaeren-verreisen\/8095594.html\">Link zum Artikel DER TAGESSPIEGEL<\/a><\/p>\n","protected":false},"excerpt":{"rendered":"<p>Bericht aus DER TAGESSPIEGEL vom 20.04.2013<\/p>\n","protected":false},"author":3,"featured_media":0,"comment_status":"closed","ping_status":"open","sticky":false,"template":"","format":"standard","meta":{"ngg_post_thumbnail":0,"footnotes":""},"categories":[1,2,23,43,44,3,47],"tags":[],"class_list":["post-2238","post","type-post","status-publish","format-standard","hentry","category-allgemein","category-barenzwinger","category-berliner-bar","category-jahr-2013","category-maxi-und-schnute-2","category-topthema","category-wappentier"],"_links":{"self":[{"href":"https:\/\/www.berliner-baerenfreunde.de\/web\/wp-json\/wp\/v2\/posts\/2238","targetHints":{"allow":["GET"]}}],"collection":[{"href":"https:\/\/www.berliner-baerenfreunde.de\/web\/wp-json\/wp\/v2\/posts"}],"about":[{"href":"https:\/\/www.berliner-baerenfreunde.de\/web\/wp-json\/wp\/v2\/types\/post"}],"author":[{"embeddable":true,"href":"https:\/\/www.berliner-baerenfreunde.de\/web\/wp-json\/wp\/v2\/users\/3"}],"replies":[{"embeddable":true,"href":"https:\/\/www.berliner-baerenfreunde.de\/web\/wp-json\/wp\/v2\/comments?post=2238"}],"version-history":[{"count":22,"href":"https:\/\/www.berliner-baerenfreunde.de\/web\/wp-json\/wp\/v2\/posts\/2238\/revisions"}],"predecessor-version":[{"id":2331,"href":"https:\/\/www.berliner-baerenfreunde.de\/web\/wp-json\/wp\/v2\/posts\/2238\/revisions\/2331"}],"wp:attachment":[{"href":"https:\/\/www.berliner-baerenfreunde.de\/web\/wp-json\/wp\/v2\/media?parent=2238"}],"wp:term":[{"taxonomy":"category","embeddable":true,"href":"https:\/\/www.berliner-baerenfreunde.de\/web\/wp-json\/wp\/v2\/categories?post=2238"},{"taxonomy":"post_tag","embeddable":true,"href":"https:\/\/www.berliner-baerenfreunde.de\/web\/wp-json\/wp\/v2\/tags?post=2238"}],"curies":[{"name":"wp","href":"https:\/\/api.w.org\/{rel}","templated":true}]}}