{"id":2798,"date":"2014-02-21T00:29:15","date_gmt":"2014-02-20T22:29:15","guid":{"rendered":"http:\/\/www.berliner-baerenfreunde.de\/web\/?p=2798"},"modified":"2024-03-22T16:43:57","modified_gmt":"2024-03-22T15:43:57","slug":"schnute-bleibt-im-koellnischen-park","status":"publish","type":"post","link":"https:\/\/www.berliner-baerenfreunde.de\/web\/schnute-bleibt-im-koellnischen-park\/","title":{"rendered":"Schnute bleibt im K\u00f6llnischen Park"},"content":{"rendered":"<p>Der Antrag von B\u00fcndnis 90\/ die Gr\u00fcnen f\u00fcr eine Umsiedlung der B\u00e4rin wurde abgelehnt<!--more--><strong>Entscheidung getroffen<\/strong><\/p>\n<p>Der Bezirksstadtrat f\u00fcr Stadtentwicklung, Bauen, Wirtschaft und Ordnung, Herr Carsten Spallek, informierte heute in einem Pressegespr\u00e4ch, dass die Fraktion B\u00fcndnis 90\/ die Gr\u00fcnen den Antrag gestellt hat, Schnute nach der Winterruhe umzusiedeln.<\/p>\n<p>Mit gro\u00dfer Spannung wurde die Entscheidung der BVV Mitte heute Abend erwartet. Es sollte hier um das Wohl der inzwischen 33 j\u00e4hrigen B\u00e4rin gehen.<\/p>\n<p><strong>Der Antrag wurde mehrheitlich abgelehnt. Das hei\u00dft, Schnute wird auch weiterhin in Berlin bleiben &#8211; im B\u00e4renzwinger im K\u00f6llnischen Park.<\/strong><\/p>\n<p>(20. Februar 2014)<br \/>\nChrista Junge<\/p>\n","protected":false},"excerpt":{"rendered":"<p>Der Antrag von B\u00fcndnis 90\/ die Gr\u00fcnen f\u00fcr eine Umsiedlung der B\u00e4rin wurde abgelehnt<\/p>\n","protected":false},"author":3,"featured_media":0,"comment_status":"closed","ping_status":"open","sticky":false,"template":"","format":"standard","meta":{"ngg_post_thumbnail":0,"footnotes":""},"categories":[53,3],"tags":[],"class_list":["post-2798","post","type-post","status-publish","format-standard","hentry","category-jahr-2014","category-topthema"],"_links":{"self":[{"href":"https:\/\/www.berliner-baerenfreunde.de\/web\/wp-json\/wp\/v2\/posts\/2798","targetHints":{"allow":["GET"]}}],"collection":[{"href":"https:\/\/www.berliner-baerenfreunde.de\/web\/wp-json\/wp\/v2\/posts"}],"about":[{"href":"https:\/\/www.berliner-baerenfreunde.de\/web\/wp-json\/wp\/v2\/types\/post"}],"author":[{"embeddable":true,"href":"https:\/\/www.berliner-baerenfreunde.de\/web\/wp-json\/wp\/v2\/users\/3"}],"replies":[{"embeddable":true,"href":"https:\/\/www.berliner-baerenfreunde.de\/web\/wp-json\/wp\/v2\/comments?post=2798"}],"version-history":[{"count":15,"href":"https:\/\/www.berliner-baerenfreunde.de\/web\/wp-json\/wp\/v2\/posts\/2798\/revisions"}],"predecessor-version":[{"id":18868,"href":"https:\/\/www.berliner-baerenfreunde.de\/web\/wp-json\/wp\/v2\/posts\/2798\/revisions\/18868"}],"wp:attachment":[{"href":"https:\/\/www.berliner-baerenfreunde.de\/web\/wp-json\/wp\/v2\/media?parent=2798"}],"wp:term":[{"taxonomy":"category","embeddable":true,"href":"https:\/\/www.berliner-baerenfreunde.de\/web\/wp-json\/wp\/v2\/categories?post=2798"},{"taxonomy":"post_tag","embeddable":true,"href":"https:\/\/www.berliner-baerenfreunde.de\/web\/wp-json\/wp\/v2\/tags?post=2798"}],"curies":[{"name":"wp","href":"https:\/\/api.w.org\/{rel}","templated":true}]}}