{"id":2799,"date":"2014-02-19T20:45:32","date_gmt":"2014-02-19T18:45:32","guid":{"rendered":"http:\/\/www.berliner-baerenfreunde.de\/web\/?p=2799"},"modified":"2024-03-22T16:47:26","modified_gmt":"2024-03-22T15:47:26","slug":"tierische-erinnerung-an-die-geteilte-stadt","status":"publish","type":"post","link":"https:\/\/www.berliner-baerenfreunde.de\/web\/tierische-erinnerung-an-die-geteilte-stadt\/","title":{"rendered":"Tierische Erinnerung an die geteilte Stadt"},"content":{"rendered":"<p>Die Zeitung RHEINPFALZ berichtet \u00fcber einen Berliner Meilenstein<!--more--><em>Aus: RHEINPFALZ NR.20 (Ludwigshafen), vom Freitag 24.Januar 2014<\/em><\/p>\n<p><strong>Am Berliner Platz steht ein Meilenstein mit dem Berliner B\u00e4r &#8211; Verein in der Hauptstadt sp\u00fcrt auf der ganzen Welt Skulpturen auf<\/strong><\/p>\n<p>VON ANETTE KONRAD<\/p>\n<p>Es k\u00f6nnte eine Frage f\u00fcr das gro\u00dfe Ludwigshafen-Quiz der RHEINPFALZ sein: Wo steht der Berliner Meilenstein mit dem Berliner B\u00e4r? Und vor allem: Wo befand sich sein urspr\u00fcnglicher Standort? Angesto\u00dfen hat diese Frage der Verein der Berliner B\u00e4renfreunde. Er versucht, \u00fcberall in Deutschland die seit dem Mauerfall in Vergessenheit geratenen Gedenksteine und B\u00e4renskulpturen aufzusp\u00fcren und unter Denkmalschutz setzen zu lassen.<\/p>\n<p>Doch bevor es soweit ist, m\u00fcssen die zwischen dem Volksaufstand in der DDR am 17. Juni 1953 und dem Fall der Mauer 1989 \u00fcberall in Deutschland gesetzten Berliner Meilensteine mit einer B\u00e4rendarstellung und der Entfernungsangabe nach Berlin in Kilometern erst einmal gefunden werden. In manchen St\u00e4dten existieren sie nicht mehr, wurden versetzt oder sind nicht im Bewusstsein der Menschen. Seit 2008 sind die Berliner B\u00e4renfreunde auf der ganzen Welt auf Spurensuche und konnten schon 200 Standorte ausfindig machen. &#8222;Es ist so wichtig, die Berliner Meilensteine und Berliner B\u00e4ren nicht dem Vergessen zu \u00fcberlassen. Sie sind lebendige Geschichte vor unserer T\u00fcr&#8220;, sagt Christa Junge von dem Berliner Verein.<\/p>\n<p>In Ludwigshafen wurde der Verein f\u00fcndig. Hier steht der Stein &#8222;um den ersten Teil des R\u00e4tsels zu l\u00f6sen&#8220; im Platanenhain auf dem Berliner Platz. Ein bisschen erinnert der kleine B\u00e4r auf dem Stein an den Berliner Eisb\u00e4ren Knut, wie er da so auf den Hintern in die H\u00f6he gestreckt.<\/p>\n<p>Das Motiv stammt von der Berliner K\u00fcnstlerin und Tierplastikerin Rene\u00e9 Sintenis (1888 bis 1965), die auch den &#8222;Goldenen B\u00e4ren&#8220; der Berlinale geschaffen hat. &#8222;Der gleiche B\u00e4renstein steht auch auf Sylt&#8220;, sagt Petra Schlien von der Stadtplanung, die der Geschichte des Ludwigshafener Steins nachgesp\u00fcrt hat.\u00c2 &#8222;Seitdem sehe ich \u00fcberall B\u00e4ren&#8220;, sagt sie und lacht. Sie entdeckte, so sensibilisiert, einen weiteren in Vergessenheit geratenen Berlin-Gedenkstein in Frankenthal. Der steht im Norden der Stadt an der Zufahrt zur A 6 neben der Leitplanke. Dort ziert ein grimmig dreinblickender Berliner Wappenb\u00e4r den Stein. &#8222;Es gibt ganz unterschiedliche Motive und auch Steine&#8220;, wei\u00df Christa Junge.<\/p>\nngg_shortcode_0_placeholder\n<p>Aber genau wie sein Ludwigshafener Kollege geht auch der Frankenthaler Berlin-B\u00e4r nach links. Das macht er immer, &#8222;denn sonst ist es kein echter Berliner B\u00e4r&#8220;, sagt die Berliner B\u00e4renfreundin. Der knapp 1,50 Meter hohe Ludwigshafener Berlinstein steht erst &#8222;seit 1991 im Platanenhain&#8220; seit der damaligen Umgestaltung des Berliner Platzes. Als er 1965 gesetzt wurde, sollte er dort bereits seinen Platz finden: thematisch passend zum Berliner Platz und nahe der Berliner Stra\u00dfe, die beide 1960 ihren Namen erhalten hatten. Die Benennung sollte ebenso wie der Meilenstein die Verbundenheit der Kommune mit der geteilten Stadt ausdr\u00fccken. So ist es auch auf der R\u00fcckseite des Steins unterhalb des Stadtwappens zu lesen: &#8222;Das Wappentier auf diesem Meilenstein verbindet die Hauptstadt an der Spree mit Ludwigshafen am Rhein.&#8220; Da der Berliner Platz seinerzeit noch nicht fertig war, wurde der Meilenstein am 27. August 1965 am Autobahnzubringer in Edigheim eingeweiht.<\/p>\n<p>Oberb\u00fcrgermeister Werner Ludwig, der an diesem Tag seinen 39.Geburtstag feierte, enth\u00fcllte den Stein &#8222;bei leichtem, aber hartn\u00e4ckigem Nieselregen&#8220;, wie die RHEINPFALZ festhielt. Die gerade in Ludwigshafen zu Besuch weilende Kapelle der Berliner Verkehrsgesellschaft spielte dazu &#8222;Denkste denn, du Berliner Pflanze&#8220; und &#8222;Das ist die Berliner Luft&#8220;. Warum man sich aber anstelle des Berliner Platzes ausgerechnet f\u00fcr den Standort in Edigheim, &#8222;diesem etwas abgelegenen Ort&#8220;, so die RHEINPFALZ, entschieden hatte, ist dem Artikel nicht zu entnehmen. Die Initiative zu dem Solidarit\u00e4ts- und Erinnerungszeichen geht auf den Hamburger Verleger Gerd Bucerius zur\u00fcck, der damals Berlin-Beauftragter der Bundesregierung war. Was die Kommunen schon damals gefreut haben d\u00fcrfte: Den Stein erhielten sie kostenlos, finanziert aus Bundesmitteln. Nur f\u00fcr das Setzen mussten sie aufkommen. Der aus Beton gefertigte Ludwigshafener B\u00e4renstein wurde seit 1965 nicht erneuert. Vermutlich wird er noch im Laufe dieses Jahres als sogenanntes Kleindenkmal unter Denkmalschutz gestellt werden.<\/p>\n<p><strong>Mit freundlicher Genehmigung von ANETTE KONRAD und der RHEINPFALZ<\/strong><\/p>\n","protected":false},"excerpt":{"rendered":"<p>Die Zeitung RHEINPFALZ berichtet \u00fcber einen Berliner Meilenstein<\/p>\n","protected":false},"author":1,"featured_media":0,"comment_status":"closed","ping_status":"open","sticky":false,"template":"","format":"standard","meta":{"ngg_post_thumbnail":0,"footnotes":""},"categories":[53,3],"tags":[],"class_list":["post-2799","post","type-post","status-publish","format-standard","hentry","category-jahr-2014","category-topthema"],"_links":{"self":[{"href":"https:\/\/www.berliner-baerenfreunde.de\/web\/wp-json\/wp\/v2\/posts\/2799","targetHints":{"allow":["GET"]}}],"collection":[{"href":"https:\/\/www.berliner-baerenfreunde.de\/web\/wp-json\/wp\/v2\/posts"}],"about":[{"href":"https:\/\/www.berliner-baerenfreunde.de\/web\/wp-json\/wp\/v2\/types\/post"}],"author":[{"embeddable":true,"href":"https:\/\/www.berliner-baerenfreunde.de\/web\/wp-json\/wp\/v2\/users\/1"}],"replies":[{"embeddable":true,"href":"https:\/\/www.berliner-baerenfreunde.de\/web\/wp-json\/wp\/v2\/comments?post=2799"}],"version-history":[{"count":11,"href":"https:\/\/www.berliner-baerenfreunde.de\/web\/wp-json\/wp\/v2\/posts\/2799\/revisions"}],"predecessor-version":[{"id":18873,"href":"https:\/\/www.berliner-baerenfreunde.de\/web\/wp-json\/wp\/v2\/posts\/2799\/revisions\/18873"}],"wp:attachment":[{"href":"https:\/\/www.berliner-baerenfreunde.de\/web\/wp-json\/wp\/v2\/media?parent=2799"}],"wp:term":[{"taxonomy":"category","embeddable":true,"href":"https:\/\/www.berliner-baerenfreunde.de\/web\/wp-json\/wp\/v2\/categories?post=2799"},{"taxonomy":"post_tag","embeddable":true,"href":"https:\/\/www.berliner-baerenfreunde.de\/web\/wp-json\/wp\/v2\/tags?post=2799"}],"curies":[{"name":"wp","href":"https:\/\/api.w.org\/{rel}","templated":true}]}}