{"id":2836,"date":"2014-03-22T12:02:15","date_gmt":"2014-03-22T10:02:15","guid":{"rendered":"http:\/\/www.berliner-baerenfreunde.de\/web\/?p=2836"},"modified":"2024-03-22T16:42:43","modified_gmt":"2024-03-22T15:42:43","slug":"der-berliner-bar-hat-geburtstag","status":"publish","type":"post","link":"https:\/\/www.berliner-baerenfreunde.de\/web\/der-berliner-bar-hat-geburtstag\/","title":{"rendered":"Der Berliner B\u00e4r hat Geburtstag"},"content":{"rendered":"<p>Der Berliner B\u00e4r wird 734 Jahre alt<!--more-->Am 22. M\u00e4rz 2014 wird der Berliner B\u00e4r, seit 1280 das Wappentier der Stadt Berlin, 734 Jahre alt. Das hei\u00dft aber nicht, dass er in die Jahre gekommen ist, sondern er hat sich dem Lebensrhythmus der Stadt angepasst, lebt am Puls der Zeit und ist immer f\u00fcr eine \u00dcberraschung gut.<\/p>\n<p>Der B\u00e4r ist seit diesem Tag auf Siegeln, Dokumenten, Wappen und Fahnen zum Hoheitszeichen und als Symbol unserer Stadt zu finden. Er wurde aus Marmor, Stein und Bronze k\u00fcnstlerisch gestaltet, in Poesie und Prosa beschrieben, auf Bildern gemalt und in Liedern besungen. Nichts ist so eng mit den Berlinern verbunden wie der Berliner B\u00e4r. Der Berliner B\u00e4r ist weltbekannt und in aller Munde. Wer mit offenen Augen durch die Stadt geht, wird ihn \u00fcberall entdecken.<\/p>\n<h2>Berlin und der Berliner B\u00e4r sind ein Begriff in aller Welt!<\/h2>\n<p>Der Berliner B\u00e4r hat sich der \u00fcber 750-j\u00e4hrigen Geschichte unserer Stadt gegen\u00fcber allen anderen heraldischen Machtsymbolen durchgesetzt. Unser B\u00e4r ist damit auch ein Ausdruck der Entwicklung der Freiheit und Unabh\u00e4ngigkeit Berlins.<\/p>\n<p>Warum gerade der B\u00e4r zu unserem Wappen wurde, konnte wissenschaftlich nicht ergr\u00fcndet werden. In der heraldischen Fachliteratur wird das Berliner Wappen als \u201credendes Wappen&#8220;\u009d bezeichnet, wobei darunter ein bildlicher Bezug des Namens zum Wappen verstanden wird. Gemeint ist hier eine Beziehung zwischen \u201cBer&#8220;\u009d und \u201cB\u00e4r&#8220;\u009d. Es war fr\u00fcher \u00fcblich, Wappen aus den Anfangssilben bzw. dem Inhalt von Stadtnamen abzuleiten. Aber die Heraldik bevorzugt nun einmal die Abbildung von Tieren. Ob tats\u00e4chlich der B\u00e4r urspr\u00fcnglich zur Namensbildung Berlins beigetragen hat, ist umstritten.<\/p>\nngg_shortcode_0_placeholder\n<p>M\u00f6gen die Wissenschaftler streiten. Wir Berliner f\u00fchren die Gr\u00fcndung unserer Stadt auf den B\u00e4ren zur\u00fcck. Das Wort \u201cBerlin&#8220;\u009d, 1244 erstmalig so geschrieben, kommt aus dem slawischen und bedeutet \u201csumpfig &#8211; Sumpfgebiet&#8220;\u009d. Die Menschen damals, wie heute lieben ihren B\u00e4ren. Er geht auf zwei Beinen, ist sehr stark und hat kaum Feinde. Er ist m\u00e4chtig, stark, bewehrt mit Krallen, zeigt seine rote Zunge und seine Z\u00e4hne, ist geschickt und schlau, hat ein dickes Fell und unbesiegbar. Berlin ohne seinen Wappen B\u00e4ren, w\u00e4re nicht das Berlin, was wir so lieben.<\/p>\n<p>Zuerst auf Siegeln, Wappen, Fahnen, sp\u00e4ter als Reliefs und Skulpturen und in \u00f6ffentlichen Geb\u00e4uden ist der B\u00e4r zu sehen. \u00dcberall in der Stadt hat der Berliner B\u00e4r seine Spuren hinterlassen.<\/p>\n<h2>Der erste Berliner B\u00e4r befand sich auf einem Siegel von 1280<\/h2>\n<p>An einer Urkunde der jungen Stadt Berlin vom 22. M\u00e4rz 1280, dem Gildebrief f\u00fcr die Berliner K\u00fcrschner, befand sich ein Siegel mit der Abbildung des B\u00e4ren. Es ist das erste nachgewiesene Siegel mit dem Berliner B\u00e4ren und stellt zwei gepanzerte B\u00e4ren als Schildhalter dar, die mit erhobener Tatze voneinander abgewendet sind und sich dennoch r\u00fccklings anblicken. Das Siegel tr\u00e4gt die Inschrift \u201eSigillum burgensium de berlin sum\u201c (ich bin das Siegel der B\u00fcrger von Berlin). Die erhobene Tatze soll hier bereits die Selbst\u00e4ndigkeit Berlins symbolisieren. Allerdings war in dem Siegel an zentraler Position noch der Brandenburger Adler.<br \/>\nJ\u00e4hrlich am 22. M\u00e4rz wird in Berlin der Tag des Berliner B\u00e4ren begangen.<\/p>\nngg_shortcode_1_placeholder\n<p>Die Herrschaft des Brandenburger Adlers, beziehungsweise die Koexistenz mit ihm und dem Berliner B\u00e4ren, zieht sich noch bis ins 19. Jahrhundert hinein.<br \/>\nIn einem Siegel von 1338 mit der Inschrift \u201eS[igillum] Sekretum Civitatis Berlin\u201c (\u201eGeheimsiegel der Stadt Berlin\u201c) zeigt den Berliner B\u00e4ren bezwungen durch ein Halsband mit wehendem Adlerschild, eines von 1460 zeigt ihn mit aufreitendem Adler. Die letztere Siegelvariante wird als Unterwerfung Berlins nach dem \u201eBerliner Unwillen\u201c aus den Jahren 1447\/1448 durch Friedrich II. Eisenzahn gewertet. Dieses Siegel wurde bis um 1700 mit der Inschrift \u201esigillum civitats antiqui berlin\u201c (\u00b4Das Siegel der alten Stadt Berlin\u2018) verwendet.<\/p>\n<p>Mit der Gr\u00fcndung der Residenzstadt Berlin am 17. Januar 1709 wurde der B\u00e4r noch als geb\u00e4ndigter B\u00e4r mit Halsband unter der Herrschaft des Preu\u00dfischen und des Brandenburger Adlers dargestellt. Im Jahre 1839 hat sich die Vorherrschaft des immer noch geb\u00e4ndigten B\u00e4ren gegen\u00fcber den Adlern bereits durchgesetzt und im Jahre 1875 zeigt das Berliner Wappen bereits einen wilden ungeb\u00e4ndigten B\u00e4ren mit zotteligem Fell und ohne Halsband.<\/p>\n<p>Nach dem Zusammenschluss zu Gro\u00df-Berlin im Jahr 1920 wurde im Jahre 1935 der Berliner B\u00e4r zum alleinigen Wappentier. Seitdem wird er aufrechtgehend, mit roter Zunge und krallenbewehrt dargestellt.<\/p>\n<p>Der Berliner B\u00e4r geh\u00f6rt unverzichtbar zu Berlin und zur Kulturgeschichte unserer Stadt.<\/p>\n<p>Im Jahr 1939 wurde im K\u00f6llnischen Park ein Stra\u00dfenreinigungsgeb\u00e4ude von Ludwig Hoffman in einen B\u00e4renzwinger umgebaut, damit es in der Mitte Berlins einen Berliner B\u00e4ren zu \u201eliebhaben\u201c gab. Daraus wurden erst vier B\u00e4ren, dann kam noch einer dazu. 1949 wurden Nante und Jette die bekanntesten Berliner B\u00e4ren.<br \/>\nIn den letzten Jahren war es Tilo, Maxi und Schnute die den Berliner B\u00e4ren repr\u00e4sentierten. Viele Berliner und G\u00e4ste der Stadt besuchen die Berliner B\u00e4ren regelm\u00e4\u00dfig, in jedem internationalen Touristenf\u00fchrer steht zu lesen, wo der Berliner B\u00e4r zu finden ist.<br \/>\nTili verstarb 2007, Maxi 2012 und heute ist Schnute mit<br \/>\n33 Jahren die letzte Stadtb\u00e4rin Berlins. Nach ihr wird es keine weitere B\u00e4renhaltung in der Mitte Berlins geben.<\/p>\n<p><em>Christa Junge<\/em><br \/>\n22. M\u00e4rz 2014<\/p>\nngg_shortcode_2_placeholder\n","protected":false},"excerpt":{"rendered":"<p>Der Berliner B\u00e4r wird 734 Jahre alt<\/p>\n","protected":false},"author":1,"featured_media":0,"comment_status":"closed","ping_status":"open","sticky":false,"template":"","format":"standard","meta":{"ngg_post_thumbnail":0,"footnotes":""},"categories":[53,3],"tags":[],"class_list":["post-2836","post","type-post","status-publish","format-standard","hentry","category-jahr-2014","category-topthema"],"_links":{"self":[{"href":"https:\/\/www.berliner-baerenfreunde.de\/web\/wp-json\/wp\/v2\/posts\/2836","targetHints":{"allow":["GET"]}}],"collection":[{"href":"https:\/\/www.berliner-baerenfreunde.de\/web\/wp-json\/wp\/v2\/posts"}],"about":[{"href":"https:\/\/www.berliner-baerenfreunde.de\/web\/wp-json\/wp\/v2\/types\/post"}],"author":[{"embeddable":true,"href":"https:\/\/www.berliner-baerenfreunde.de\/web\/wp-json\/wp\/v2\/users\/1"}],"replies":[{"embeddable":true,"href":"https:\/\/www.berliner-baerenfreunde.de\/web\/wp-json\/wp\/v2\/comments?post=2836"}],"version-history":[{"count":13,"href":"https:\/\/www.berliner-baerenfreunde.de\/web\/wp-json\/wp\/v2\/posts\/2836\/revisions"}],"predecessor-version":[{"id":18866,"href":"https:\/\/www.berliner-baerenfreunde.de\/web\/wp-json\/wp\/v2\/posts\/2836\/revisions\/18866"}],"wp:attachment":[{"href":"https:\/\/www.berliner-baerenfreunde.de\/web\/wp-json\/wp\/v2\/media?parent=2836"}],"wp:term":[{"taxonomy":"category","embeddable":true,"href":"https:\/\/www.berliner-baerenfreunde.de\/web\/wp-json\/wp\/v2\/categories?post=2836"},{"taxonomy":"post_tag","embeddable":true,"href":"https:\/\/www.berliner-baerenfreunde.de\/web\/wp-json\/wp\/v2\/tags?post=2836"}],"curies":[{"name":"wp","href":"https:\/\/api.w.org\/{rel}","templated":true}]}}