{"id":2920,"date":"2014-05-31T12:13:55","date_gmt":"2014-05-31T10:13:55","guid":{"rendered":"http:\/\/www.berliner-baerenfreunde.de\/web\/?p=2920"},"modified":"2014-05-31T17:29:28","modified_gmt":"2014-05-31T15:29:28","slug":"1964-barenvater-porath-geht-in-rente","status":"publish","type":"post","link":"https:\/\/www.berliner-baerenfreunde.de\/web\/1964-barenvater-porath-geht-in-rente\/","title":{"rendered":"1964 &#8211; B\u00e4renvater Porath geht in Rente"},"content":{"rendered":"<p>26. Mai 1964 &#8211; August und Anni Porath gehen in den Ruhestand<!--more--><strong>26. Mai 1964 &#8211; August und Anni Porath gehen in den Ruhestand<\/strong><\/p>\n<p>Die BZ am Abend, Vorg\u00e4nger des Berliner Kuriers, berichtete in einer Rubrik vor 50 Jahren \u00fcber Anni und August Porath, die sich von den Stadtb\u00e4ren Nante und Jette in den Ruhestand verabschieden. Siehe Artikel.<\/p>\nngg_shortcode_0_placeholder\n<p>Liebe B\u00e4renfreunde und Leser dieses Artikels, vielen ist das B\u00e4renelternpaar Anni und August Porath noch bekannt. Wir bekommen oft Berichte, dass Schulklassen diese beiden aufsuchten, um etwas \u00fcber die Stadtb\u00e4ren zu erfahren.<\/p>\n<p>Sollten Sie noch etwas \u00fcber diese beiden &#8222;B\u00e4reneltern&#8220; berichten k\u00f6nnen, vielleicht sogar ein Foto h\u00e4tten oder einen Artikel aus einer Tageszeitung oder Illustrierten, w\u00e4ren wir Ihnen sehr verbunden, diese als Kopie zu erhalten. Vielen war bekannt, dass August und Anni Porath ein B\u00e4rentagebuch geschrieben haben, in dem der ganze Tagesablauf von Nante und Jette und ihren Kindern beschrieben war. Sollte Ihnen bekannt sein, wo dieses B\u00e4rentagebuch abgeblieben ist, w\u00e4ren wir sehr froh, mehr dar\u00fcber zu erfahren. Es w\u00e4re ein Schatz f\u00fcr die Berliner B\u00e4rengschichte. Auf Nachfrage beim Berliner Tierpark erhielten wir die Auskunft, dass dieses Tagebuch dort nicht vorhanden ist.<\/p>\n<p>Christa Junge<br \/>\nVorsitz<\/p>\n","protected":false},"excerpt":{"rendered":"<p>26. Mai 1964 &#8211; August und Anni Porath gehen in den Ruhestand<\/p>\n","protected":false},"author":3,"featured_media":0,"comment_status":"closed","ping_status":"open","sticky":false,"template":"","format":"standard","meta":{"ngg_post_thumbnail":0,"footnotes":""},"categories":[53,3],"tags":[],"class_list":["post-2920","post","type-post","status-publish","format-standard","hentry","category-jahr-2014","category-topthema"],"_links":{"self":[{"href":"https:\/\/www.berliner-baerenfreunde.de\/web\/wp-json\/wp\/v2\/posts\/2920","targetHints":{"allow":["GET"]}}],"collection":[{"href":"https:\/\/www.berliner-baerenfreunde.de\/web\/wp-json\/wp\/v2\/posts"}],"about":[{"href":"https:\/\/www.berliner-baerenfreunde.de\/web\/wp-json\/wp\/v2\/types\/post"}],"author":[{"embeddable":true,"href":"https:\/\/www.berliner-baerenfreunde.de\/web\/wp-json\/wp\/v2\/users\/3"}],"replies":[{"embeddable":true,"href":"https:\/\/www.berliner-baerenfreunde.de\/web\/wp-json\/wp\/v2\/comments?post=2920"}],"version-history":[{"count":7,"href":"https:\/\/www.berliner-baerenfreunde.de\/web\/wp-json\/wp\/v2\/posts\/2920\/revisions"}],"predecessor-version":[{"id":2937,"href":"https:\/\/www.berliner-baerenfreunde.de\/web\/wp-json\/wp\/v2\/posts\/2920\/revisions\/2937"}],"wp:attachment":[{"href":"https:\/\/www.berliner-baerenfreunde.de\/web\/wp-json\/wp\/v2\/media?parent=2920"}],"wp:term":[{"taxonomy":"category","embeddable":true,"href":"https:\/\/www.berliner-baerenfreunde.de\/web\/wp-json\/wp\/v2\/categories?post=2920"},{"taxonomy":"post_tag","embeddable":true,"href":"https:\/\/www.berliner-baerenfreunde.de\/web\/wp-json\/wp\/v2\/tags?post=2920"}],"curies":[{"name":"wp","href":"https:\/\/api.w.org\/{rel}","templated":true}]}}