{"id":3015,"date":"2014-06-26T12:13:34","date_gmt":"2014-06-26T10:13:34","guid":{"rendered":"http:\/\/www.berliner-baerenfreunde.de\/web\/?p=3015"},"modified":"2014-07-02T17:19:17","modified_gmt":"2014-07-02T15:19:17","slug":"spandau-dankt-fasberg-fur-die-kohlen-luftbrucke","status":"publish","type":"post","link":"https:\/\/www.berliner-baerenfreunde.de\/web\/spandau-dankt-fasberg-fur-die-kohlen-luftbrucke\/","title":{"rendered":"\u201eSpandau dankt Fa\u00dfberg f\u00fcr die Kohlen-Luftbr\u00fccke!\u00e2\u20ac\u009d"},"content":{"rendered":"<p>Feierstunde in der Galerie des Kulturhauses Spandau, Mauerstra\u00dfe 6, 13597 Berlin<!--more--><strong>Spandau dankt Fa\u00dfberg f\u00fcr 539.112 Tonnen Kohle!<\/strong><\/p>\n<p>Kohlest\u00fcck, mit Berliner B\u00e4r &#8211; <\/p>\n<p>Der B\u00fcrgermeister des Bezirks Berlin-Spandau, Helmut Kleebank, \u00fcbergab in einer Feierstunde am Dienstag, den 25. Juni 2014, an den B\u00fcrgermeister der Gemeinde Fa\u00dfberg, Frank Br\u00f6hl symbolisch als Dankesch\u00f6n ein Kohlest\u00fcck, in das der Berliner B\u00e4r eingraviert ist.<\/p>\n<p>Die Feierstunde fand an l\u00e4sslich des 66-j\u00e4hrigen Jubil\u00e4ums des Beginns der Berliner Luftbr\u00fccke statt. Der besondere Dank galt dem Fa\u00dfberger B\u00fcrgermeister f\u00fcr die 539.112 Tonnen Kohle, die w\u00e4hrend der Berliner Luftbr\u00fccke von Fa\u00dfberg nach Berlin-Gatow geflogen wurden.<\/p>\n<p>In einem Gespr\u00e4ch berichtete Heinz-Gerd Reese (mit Exponaten der Ausstellung Luftbr\u00fcckendank) \u00fcber die Bedeutung der Berliner Luftbr\u00fccke und einige Zeitzeugen \u00fcber ihren pers\u00f6nlichen Einsatz und Erinnerungen. Eine Zeitzeugin war Mercedes Wild, sie bat als Kind den Piloten Gail Halvorsen, er m\u00f6ge f\u00fcr Sie Schokolade abwerfen, welches im Kinderbuch \u201eMercedes und der Schokoladenpilot\u201c verewigt wurde.<\/p>\n<p>Oberst Michael Grintz (stellvertretender Kommandeur des Technischen Ausbildungszentrums der Luftwaffe Fliegerhorst Fa\u00dfberg), Herr Heinz-Gerd Reese (Gesch\u00e4ftsf\u00fchrer der Stiftung Luftbr\u00fcckendank, Senatskanzlei des Landes Berlin), und Oberstabsfeldwebel Paul Hicks (Vorsitzender des F\u00f6rdervereins f\u00fcr die Erinnerungsst\u00e4tte Luftbr\u00fccke Berlin e.V. in Fa\u00dfberg) kamen in einen anregenden Gedankenaustausch.<\/p>\n<p>Der B\u00fcrgermeister Helmut Kleebank informierte \u00fcber die geplante Reise von interessierten Spandauerinnen und Spandauern nach Fa\u00dfberg, wo am 27. August 2014 das 65-j\u00e4hrige Jubil\u00e4um des Endes der Luftbr\u00fccke mit britischen und amerikanischen Veteranen gefeiert und die Luftbr\u00fcckenausstellung ab dem 25.08.2014 \u201eFriends Always\u201c gezeigt wird.<\/p>\n<p>Christa Junge<br \/>\n26. Juni 2014<\/p>\nngg_shortcode_0_placeholder\n","protected":false},"excerpt":{"rendered":"<p>Feierstunde in der Galerie des Kulturhauses Spandau, Mauerstra\u00dfe 6, 13597 Berlin<\/p>\n","protected":false},"author":3,"featured_media":0,"comment_status":"closed","ping_status":"open","sticky":false,"template":"","format":"standard","meta":{"ngg_post_thumbnail":0,"footnotes":""},"categories":[1,23,12,53,6,3],"tags":[],"class_list":["post-3015","post","type-post","status-publish","format-standard","hentry","category-allgemein","category-berliner-bar","category-fragen_und_antworten","category-jahr-2014","category-pressemitteilungen","category-topthema"],"_links":{"self":[{"href":"https:\/\/www.berliner-baerenfreunde.de\/web\/wp-json\/wp\/v2\/posts\/3015","targetHints":{"allow":["GET"]}}],"collection":[{"href":"https:\/\/www.berliner-baerenfreunde.de\/web\/wp-json\/wp\/v2\/posts"}],"about":[{"href":"https:\/\/www.berliner-baerenfreunde.de\/web\/wp-json\/wp\/v2\/types\/post"}],"author":[{"embeddable":true,"href":"https:\/\/www.berliner-baerenfreunde.de\/web\/wp-json\/wp\/v2\/users\/3"}],"replies":[{"embeddable":true,"href":"https:\/\/www.berliner-baerenfreunde.de\/web\/wp-json\/wp\/v2\/comments?post=3015"}],"version-history":[{"count":29,"href":"https:\/\/www.berliner-baerenfreunde.de\/web\/wp-json\/wp\/v2\/posts\/3015\/revisions"}],"predecessor-version":[{"id":3046,"href":"https:\/\/www.berliner-baerenfreunde.de\/web\/wp-json\/wp\/v2\/posts\/3015\/revisions\/3046"}],"wp:attachment":[{"href":"https:\/\/www.berliner-baerenfreunde.de\/web\/wp-json\/wp\/v2\/media?parent=3015"}],"wp:term":[{"taxonomy":"category","embeddable":true,"href":"https:\/\/www.berliner-baerenfreunde.de\/web\/wp-json\/wp\/v2\/categories?post=3015"},{"taxonomy":"post_tag","embeddable":true,"href":"https:\/\/www.berliner-baerenfreunde.de\/web\/wp-json\/wp\/v2\/tags?post=3015"}],"curies":[{"name":"wp","href":"https:\/\/api.w.org\/{rel}","templated":true}]}}