{"id":3131,"date":"2014-07-27T19:41:48","date_gmt":"2014-07-27T17:41:48","guid":{"rendered":"http:\/\/www.berliner-baerenfreunde.de\/web\/?p=3131"},"modified":"2024-03-22T17:03:20","modified_gmt":"2024-03-22T16:03:20","slug":"ein-berliner-bar-aus-blexen","status":"publish","type":"post","link":"https:\/\/www.berliner-baerenfreunde.de\/web\/ein-berliner-bar-aus-blexen\/","title":{"rendered":"Ein Berliner B\u00e4r aus Blexen"},"content":{"rendered":"<p>Verein aus der Hauptstadt sucht bundesweit nach Erinnerungsst\u00fccken f\u00fcr das geteilte Berlin<!--more--><strong>Verein aus der Hauptstadt sucht bundesweit nach Erinnerungsst\u00fccken f\u00fcr das geteilte Berlin<\/strong><\/p>\nngg_shortcode_0_placeholder\n<p>VON CHRISTOPH HEILSCHER<\/p>\n<p>BLEXEN.<br \/>\nBreslau &#8211; 650 Kilometer, Danzig &#8211; 750 Kilometer, K\u00f6nigsberg &#8211; 950 Kilometer, Stettin &#8211; 500 Kilometer.<br \/>\nDas sind Entfernungsangaben.<br \/>\nAuf einem Denkmal aus der Nachkriegszeit ist das aber auch eine politische Botschaft. Breslau, Danzig, K\u00f6nigsberg und Stettin sind St\u00e4dte in den ehemaligen deutschen Ostgebieten. Ein Denkmal mit diesen Kilometerangaben steht in Blexen in der N\u00e4he des F\u00e4hranlegers. Auf dem Stein prangt auch der Berliner B\u00e4r &#8211; und weckt Interesse in der Hauptstadt.<\/p>\n<p>F\u00fcr dieses Denkmal interessieren sich die Berliner B\u00e4renfreunde. Sie k\u00fcmmern sich um das Berliner Wappentier. Um die echten B\u00e4ren im Berliner B\u00e4renzwinger im K\u00f6llnischen Park ebenso wie um die in Stein gehauenen Berliner Wappentiere in ganz Deutschland und dar\u00fcber hinaus.<br \/>\nDer Verein erfasst die Denkm\u00e4ler mit dem Berliner B\u00e4ren, die zwischen dem 17. Juni 1953, dem Tag des Aufstandes gegen die DDR-Diktatur, und dem Fall der Mauer am 9. November 1989 errichtet wurden. Mehr als 100 Berliner B\u00e4ren hat die Vereinigung inzwischen bundesweit entdeckt und sich schon mehrfach erfolgreich daf\u00fcr eingesetzt, dass die B\u00e4ren unter Denkmalschutz gestellt werden.<\/p>\n<p><strong>Verein bittet um Mithilfe<\/strong><\/p>\n<p>\u201eF\u00fcr uns sind die B\u00e4ren Ausdruck der engen Verbindung der westdeutschen St\u00e4dte und Gemeinden mit dem geteilten Berlin\u201c, macht Christa Junge deutlich, die Vorsitzende der B\u00e4renfreunde. Westberlin war nach der deutschen Teilung eine Stadt in politisch feindseligem Terrain. Nach dem Mauerbau im Jahr 1961 war es zudem eine eingesperrte Stadt.<br \/>\nDie Berliner B\u00e4renfreunde sehen in den zahlreichen B\u00e4ren- Denkm\u00e4lern in ganz Deutschland, aber auch in anderen L\u00e4ndern der Welt ein Zeichen der Solidarit\u00e4t mit den im Kalten Krieg isolierten B\u00fcrgern Berlins.<br \/>\nIm Zuge ihrer Recherchen sind die B\u00e4renfreunde auch auf das Blexer Denkmal gesto\u00dfen und hatten gehofft, bei der Stadt Nordenham N\u00e4heres zu erfahren. Doch im Stadtarchiv gibt es laut Auskunft der Stadtverwaltung keine Unterlagen. ngg_shortcode_1_placeholder<\/p>\n<p>Nur soviel wei\u00df der Verein:<br \/>\nDas Denkmal beim F\u00e4hranleger soll im Jahr 1957 errichtet worden sein.<br \/>\nUm mehr zu erfahren, bitten die B\u00e4renfreunde die Blexer um Mithilfe. Wer wei\u00df Einzelheiten \u00fcber das Denkmal. Wer hat es errichtet? Wer finanziert?<br \/>\nWer Antworten auf diese Fragen geben kann, kann sich B\u00e4renfreunde wenden.<br \/>\nChrista Junge ist zu erreichen unter<br \/>\nwww.berliner-baerenfreunde.de<\/p>\n<p>Kreiszeitung Wesermarsch, Stadt Nordenham, 22. Juli 2014<\/p>\n<p><em>Mit freundlicher Genehmigung von CHRISTOPH HEILSCHER und der Kreiszeitung Wesermarsch<\/em><\/p>\n","protected":false},"excerpt":{"rendered":"<p>Verein aus der Hauptstadt sucht bundesweit nach Erinnerungsst\u00fccken f\u00fcr das geteilte Berlin<\/p>\n","protected":false},"author":3,"featured_media":0,"comment_status":"closed","ping_status":"open","sticky":false,"template":"","format":"standard","meta":{"ngg_post_thumbnail":0,"footnotes":""},"categories":[1,23,33,12,53,3,47],"tags":[],"class_list":["post-3131","post","type-post","status-publish","format-standard","hentry","category-allgemein","category-berliner-bar","category-berliner-meilensteine","category-fragen_und_antworten","category-jahr-2014","category-topthema","category-wappentier"],"_links":{"self":[{"href":"https:\/\/www.berliner-baerenfreunde.de\/web\/wp-json\/wp\/v2\/posts\/3131","targetHints":{"allow":["GET"]}}],"collection":[{"href":"https:\/\/www.berliner-baerenfreunde.de\/web\/wp-json\/wp\/v2\/posts"}],"about":[{"href":"https:\/\/www.berliner-baerenfreunde.de\/web\/wp-json\/wp\/v2\/types\/post"}],"author":[{"embeddable":true,"href":"https:\/\/www.berliner-baerenfreunde.de\/web\/wp-json\/wp\/v2\/users\/3"}],"replies":[{"embeddable":true,"href":"https:\/\/www.berliner-baerenfreunde.de\/web\/wp-json\/wp\/v2\/comments?post=3131"}],"version-history":[{"count":34,"href":"https:\/\/www.berliner-baerenfreunde.de\/web\/wp-json\/wp\/v2\/posts\/3131\/revisions"}],"predecessor-version":[{"id":18887,"href":"https:\/\/www.berliner-baerenfreunde.de\/web\/wp-json\/wp\/v2\/posts\/3131\/revisions\/18887"}],"wp:attachment":[{"href":"https:\/\/www.berliner-baerenfreunde.de\/web\/wp-json\/wp\/v2\/media?parent=3131"}],"wp:term":[{"taxonomy":"category","embeddable":true,"href":"https:\/\/www.berliner-baerenfreunde.de\/web\/wp-json\/wp\/v2\/categories?post=3131"},{"taxonomy":"post_tag","embeddable":true,"href":"https:\/\/www.berliner-baerenfreunde.de\/web\/wp-json\/wp\/v2\/tags?post=3131"}],"curies":[{"name":"wp","href":"https:\/\/api.w.org\/{rel}","templated":true}]}}