{"id":4448,"date":"2015-02-06T16:55:18","date_gmt":"2015-02-06T15:55:18","guid":{"rendered":"http:\/\/www.berliner-baerenfreunde.de\/web\/?p=4448"},"modified":"2015-05-09T10:41:01","modified_gmt":"2015-05-09T08:41:01","slug":"berliner-meilenstein-in-bad-bergzabern-rheinland-pfalz","status":"publish","type":"post","link":"https:\/\/www.berliner-baerenfreunde.de\/web\/berliner-meilenstein-in-bad-bergzabern-rheinland-pfalz\/","title":{"rendered":"Berliner Meilenstein in Bad Bergzabern \/ Rheinland-Pfalz"},"content":{"rendered":"<p>Berliner Meilenstein mit B\u00e4r, Inschrift BERLIN und der Angabe 730 KM in Bad Bergzabern \/ Rheinland-Pfalz<!--more-->Als der Evangelischer Kirchenbote mit der Nr.12\/2014 auf Seite 21, \u00fcber \u201eBerlin-Gedenksteine in pf\u00e4lzischen Orten sind fast in Vergessenheit geraten &#8211; Zeichen der Verbundenheit\u201c berichtete, meldete sich Frau Gertrud Wissing aus Niederhorbach und teilte unserem Verein mit, dass es in<br \/>\nBad Bergzabern auch einen Berliner Meilenstein im Stadtpark gibt.<\/p>\n<p>Inzwischen konnten wir mit Unterst\u00fctzung von Rolf \u00dcbel, MA, Archivar Bad Bergzabern, einiges zum Berliner Meilenstein herausfinden.<\/p>\n<p>Am Sonntag, 9. Oktober 1983 wurde durch den Bund der Berliner und Freunde Berlins (BdBFB) ein Berliner Meilenstein in Bad Bergzabern errichtet. Der BdBFB in Anwesenheit von 400 geb\u00fcrtigen Berlinern und zahlreichen Ehreng\u00e4sten darunter auch Landrat W. Link erlebten die Taufe und Enth\u00fcllung des Berliner Meilensteines (BM) im Kurpark. ngg_shortcode_0_placeholder<br \/>\nPeter Siele als Vertreter des Berliner Senats und Stadtb\u00fcrgermeister Rudolf Wagner nahmen die Taufe mit Spreewasser sowie mit einem Wein der s\u00fcdlichen Weinstra\u00dfe vor.<br \/>\nDer Berliner B\u00e4r auf dem BM wurde aus Mosaiksteinen gefertigt.<br \/>\nDie Landesverb\u00e4nde Rheinland-Pfalz \/ Saar \/ Hessen und Baden haben zu diesem Anlass eine Sternfahrt organisiert.<\/p>\n<p>Kurt Bechthold, Vorsitzender des Landesverbandes Rheinland-Pfalz \/ Saarland er\u00f6ffnete die kleine Feierstunde im Kurpark mit einem Appell an die Bev\u00f6lkerung, Berlin nicht zu vergessen. G\u00fcnther Kuhn, Vorsitzender des Landesverbandes Baden und Mitglied des Bundespr\u00e4sidiums \u00fcberbrachte die pers\u00f6nlichen Gr\u00fc\u00dfe des Bundesvorsitzenden. Berlin ist mehr als eine Reise wert!<br \/>\n\u201eIn Berlin schl\u00e4gt das Herz Deutschlands!&#8220;<br \/>\nSeine Heimatstadt Berlin wolle er als Ausdruck der Verbundenheit mit der ehemaligen Reichshauptstadt, sowie auch mit den B\u00fcrgern im anderen Teil Deutschlands verstehen.<\/p>\nngg_shortcode_1_placeholder\n<p>Stadtb\u00fcrgermeister Rudolf Wagner verpflichtet sich gerne im Namen der Stadt Bad Bergzabernden Berliner Meilenstein in ihre Obhut zu nehmen, als Symbol der Verbundenheit des freien Deutschlands und des freien Berlins.<br \/>\nDer Standort des BM ist gut gew\u00e4hlt. T\u00e4glich gehen zahlreiche Kurg\u00e4ste und Einwohner durch den Kurpark und an dem BM vorbei. Sie haben Gelegenheit hier von der Hektik des Alltags abzuschalten und sich auch einmal Gedanken \u00fcber Berlin zu machen. F\u00fcr die einheimische Bev\u00f6lkerung ist der Gedanke an die Grenze und an Berlin umso bedenklicher, weil man hier, nur wenige Kilometer von der franz\u00f6sischen Grenze entfernt ohne Schwierigkeiten die Grenzen passieren kann. Dr. Johann Baptist R\u00f6\u00dfler B\u00fcrgerbeauftragte des Landes Rheinland-Pfalz, betonte in seiner Rede, das die seit 1955 aufgestellten Berliner Meilensteine in sehr sinnvoller Weise auf das Schicksal der geteilten Stadt Berlin hinweisen sollen. Sie wollen Mahnmal und Veranlassung sein, sich mit dem besonderen Schicksal dieser Stadt auseinanderzusetzen.<br \/>\nDer BM in Bad Bergzabern sei mit ein Ausdruck der Solidarit\u00e4t im geduldigen, beharrlichen und friedlichen Ringen um die Wiederkehr der Einheit der Stadt Berlin und um die Einheit des Deutschen Vaterlandes. ngg_shortcode_2_placeholder<\/p>\n<p>Bei einem anschlie\u00dfenden kleinen Empfang \u00fcberreichte Kurt Bechthold die Urkunde des Berliner Meilensteins an den Stadtb\u00fcrgermeister Rudolf Wagner. Der BM wurde somit offiziell in die Obhut der Stadt Bad Bergzabern \u00fcbergeben.<\/p>\n<p>&nbsp;<\/p>\n<p>Quelle: Stadtarchiv Bad Bergzabern<\/p>\n","protected":false},"excerpt":{"rendered":"<p>Berliner Meilenstein mit B\u00e4r, Inschrift BERLIN und der Angabe 730 KM in Bad Bergzabern \/ Rheinland-Pfalz<\/p>\n","protected":false},"author":3,"featured_media":0,"comment_status":"closed","ping_status":"open","sticky":false,"template":"","format":"standard","meta":{"ngg_post_thumbnail":0,"footnotes":""},"categories":[1,36,23,33,12,56,3,47],"tags":[],"class_list":["post-4448","post","type-post","status-publish","format-standard","hentry","category-allgemein","category-berlin-bar","category-berliner-bar","category-berliner-meilensteine","category-fragen_und_antworten","category-jahr-2015","category-topthema","category-wappentier"],"_links":{"self":[{"href":"https:\/\/www.berliner-baerenfreunde.de\/web\/wp-json\/wp\/v2\/posts\/4448","targetHints":{"allow":["GET"]}}],"collection":[{"href":"https:\/\/www.berliner-baerenfreunde.de\/web\/wp-json\/wp\/v2\/posts"}],"about":[{"href":"https:\/\/www.berliner-baerenfreunde.de\/web\/wp-json\/wp\/v2\/types\/post"}],"author":[{"embeddable":true,"href":"https:\/\/www.berliner-baerenfreunde.de\/web\/wp-json\/wp\/v2\/users\/3"}],"replies":[{"embeddable":true,"href":"https:\/\/www.berliner-baerenfreunde.de\/web\/wp-json\/wp\/v2\/comments?post=4448"}],"version-history":[{"count":9,"href":"https:\/\/www.berliner-baerenfreunde.de\/web\/wp-json\/wp\/v2\/posts\/4448\/revisions"}],"predecessor-version":[{"id":4966,"href":"https:\/\/www.berliner-baerenfreunde.de\/web\/wp-json\/wp\/v2\/posts\/4448\/revisions\/4966"}],"wp:attachment":[{"href":"https:\/\/www.berliner-baerenfreunde.de\/web\/wp-json\/wp\/v2\/media?parent=4448"}],"wp:term":[{"taxonomy":"category","embeddable":true,"href":"https:\/\/www.berliner-baerenfreunde.de\/web\/wp-json\/wp\/v2\/categories?post=4448"},{"taxonomy":"post_tag","embeddable":true,"href":"https:\/\/www.berliner-baerenfreunde.de\/web\/wp-json\/wp\/v2\/tags?post=4448"}],"curies":[{"name":"wp","href":"https:\/\/api.w.org\/{rel}","templated":true}]}}