{"id":5131,"date":"2015-08-02T11:12:44","date_gmt":"2015-08-02T09:12:44","guid":{"rendered":"http:\/\/www.berliner-baerenfreunde.de\/web\/?p=5131"},"modified":"2015-10-24T19:17:41","modified_gmt":"2015-10-24T17:17:41","slug":"berliner-baer-in-berlin-alt-treptow-eichenstrasse-4","status":"publish","type":"post","link":"https:\/\/www.berliner-baerenfreunde.de\/web\/berliner-baer-in-berlin-alt-treptow-eichenstrasse-4\/","title":{"rendered":"Berliner B\u00e4r in Berlin Alt-Treptow, Eichenstra\u00dfe 4"},"content":{"rendered":"<p>ehemaliger Busbetriebshof<!--more-->ngg_shortcode_0_placeholder Der Berliner\u00c2\u00a0\u00c2\u00a0 B\u00e4r (1927\/1937), am Portal des ehemaligen Busbetriebshofs der Allgemeinen Berliner Omnibus AG (ABOAG), seit 1995 Arena Berlin, in Berlin-Treptow Eichenstra\u00dfe 4, wurde aus Muschelkalkstein von Arminius Hasemann gestaltet. Der Sockel ist ein Turm aus Backstein.<\/p>\n<p>Die gro\u00dfe Halle wurde 1927 als Betriebshof der Allgemeinen Berliner Omnibus AG (ABOAG) nach Pl\u00e4nen von Franz Ahrens errichtet und war damals eine der gr\u00f6\u00dften freitragenden Hallen Europas. 1928 ging die ABOAG in den Berliner Verkehrsbetrieben (BVG) auf. 1993 gab die BVG den Standort auf, der seit 1995 f\u00fcr kulturelle Zwecke genutzt wird.<br \/>\n2000 wurde die Halle umfassend saniert.<br \/>\nDie Halle am Flutgraben steht unter Denkmalschutz.<\/p>\n<p>Arminius Hasemann (1888 &#8211; 1979) war ein deutscher Bildhauer und Graphiker.<\/p>\n<p>Quelle Wikipedia<\/p>\n<p>&nbsp;<\/p>\nngg_shortcode_1_placeholder\n","protected":false},"excerpt":{"rendered":"<p>ehemaliger Busbetriebshof<\/p>\n","protected":false},"author":3,"featured_media":0,"comment_status":"closed","ping_status":"open","sticky":false,"template":"","format":"standard","meta":{"ngg_post_thumbnail":0,"footnotes":""},"categories":[1,36,23,48,12,56,49,3],"tags":[],"class_list":["post-5131","post","type-post","status-publish","format-standard","hentry","category-allgemein","category-berlin-bar","category-berliner-bar","category-bildhauerin","category-fragen_und_antworten","category-jahr-2015","category-kunstler","category-topthema"],"_links":{"self":[{"href":"https:\/\/www.berliner-baerenfreunde.de\/web\/wp-json\/wp\/v2\/posts\/5131","targetHints":{"allow":["GET"]}}],"collection":[{"href":"https:\/\/www.berliner-baerenfreunde.de\/web\/wp-json\/wp\/v2\/posts"}],"about":[{"href":"https:\/\/www.berliner-baerenfreunde.de\/web\/wp-json\/wp\/v2\/types\/post"}],"author":[{"embeddable":true,"href":"https:\/\/www.berliner-baerenfreunde.de\/web\/wp-json\/wp\/v2\/users\/3"}],"replies":[{"embeddable":true,"href":"https:\/\/www.berliner-baerenfreunde.de\/web\/wp-json\/wp\/v2\/comments?post=5131"}],"version-history":[{"count":6,"href":"https:\/\/www.berliner-baerenfreunde.de\/web\/wp-json\/wp\/v2\/posts\/5131\/revisions"}],"predecessor-version":[{"id":5329,"href":"https:\/\/www.berliner-baerenfreunde.de\/web\/wp-json\/wp\/v2\/posts\/5131\/revisions\/5329"}],"wp:attachment":[{"href":"https:\/\/www.berliner-baerenfreunde.de\/web\/wp-json\/wp\/v2\/media?parent=5131"}],"wp:term":[{"taxonomy":"category","embeddable":true,"href":"https:\/\/www.berliner-baerenfreunde.de\/web\/wp-json\/wp\/v2\/categories?post=5131"},{"taxonomy":"post_tag","embeddable":true,"href":"https:\/\/www.berliner-baerenfreunde.de\/web\/wp-json\/wp\/v2\/tags?post=5131"}],"curies":[{"name":"wp","href":"https:\/\/api.w.org\/{rel}","templated":true}]}}