{"id":5248,"date":"2015-08-29T17:07:52","date_gmt":"2015-08-29T15:07:52","guid":{"rendered":"http:\/\/www.berliner-baerenfreunde.de\/web\/?p=5248"},"modified":"2015-09-01T09:55:36","modified_gmt":"2015-09-01T07:55:36","slug":"schnute-aktuelle-fotos-von-heute","status":"publish","type":"post","link":"https:\/\/www.berliner-baerenfreunde.de\/web\/schnute-aktuelle-fotos-von-heute\/","title":{"rendered":"Schnute &#8211; Aktuelle Fotos von heute"},"content":{"rendered":"<p>Es geht es ihr altersgem\u00e4\u00df gut<!--more-->Heute gab es eine Meldung in der B.Z. und BILD Zeitung, dass Schnute auf Grund ihres Gesundheitszustandes bald eingeschl\u00e4fert werden muss. Das kann bei einer so alten B\u00e4rin leider passieren, aber niemand kann genau sagen, wann es soweit ist.<\/p>\n<p>Von dieser Meldung waren wir \u00fcberrascht. Heute, den 29. August, einem Samstag haben wir noch mit einer Pflegerin gesprochen. Sie sagte mir, dass es Schnute unver\u00e4ndert gut geht. Sie ist 34 Jahre alt und hat f\u00fcr einen B\u00e4ren ein stattliches Alter.<br \/>\nAls ich zum B\u00e4renzwinger fuhr, um Schnute zu sehen, nahm ich ihr auf Kosten des Vereins Berliner B\u00e4renfreunde drei Kilogramm Weintrauben, vier Brote und drei H\u00fchnchen (auf Bestellung) mit.<br \/>\nDann die \u00dcberraschung: Schnute kam auf die rechte Freifl\u00e4che heraus. Sie war eine gute Stunde hintereinander drau\u00dfen. Sofort blieben viele Menschen, die sonst schnell vorbei laufen, stehen um Schnute anzuschauen. Sie ging langsam, aber immer fl\u00fcssiger, trotz ihrer Arthrose. Sie ging auch kurz in den ehemaligen Wassergraben, der mit einem Gemisch aus Sand und Rindenmulch gef\u00fcllt ist. Je l\u00e4nger sie l\u00e4uft, desto besser wird es.<\/p>\n<p>Als die Pflegerin ihr noch Weintrauben hinlegte, f\u00fchrte sie ihre feine Nase sofort dorthin und sehr schnell waren sie von ihr verputzt.<\/p>\n<p>Einen alten B\u00e4ren einschl\u00e4fern zu lassen, ist nur dann eine Option, wenn es eine lebensbedrohliche Erkrankung gibt. Nur weil er alt ist, ist das auf keinem Fall gerechtfertigt. Der Amtstierarzt oder eine Ethikkommission sollten das entscheiden.<\/p>\n<p>Es kann nicht sein, dass man nur junge Tiere sehen m\u00f6chte. Auch das Altwerden eines Tieres geh\u00f6rt dazu und muss man \u201eertragen\u201c k\u00f6nnen.<\/p>\n<p>Mit einigen Besuchern kam ich ins Gespr\u00e4ch, darunter ein Ehepaar, das von der Meldung aus der Presse, dass Schnute eingeschl\u00e4fert werden soll, ganz erschrocken und nat\u00fcrlich sehr froh war, Schnute so lebendig zu sehen. Ein anderes P\u00e4rchen, beide sprachen sehr gut Deutsch, kam aus Spanien und den USA. Er hat in Berlin zwei Jahre studiert und kennt Schnute schon \u00fcber 20 Jahre. Da er oft in Berlin ist, besucht er Schnute jedes Mal.<\/p>\n<p>Christa Junge<br \/>\nVorsitzende<\/p>\n<p>1. September 2015<\/p>\n<p>Heute best\u00e4tigte Bezirksstadtrat f\u00fcr Stadtentwicklung, Bauen, Wirtschaft und Ordnung, Carsten Spallek\u00c2\u00a0in der Berliner Morgenpost, dass Schnute seit Wochen neue\u00c2\u00a0Medikamente gegen ihre Arthrose bekommt, die Ihren Zustand deutlich verbessert haben. Er widerspricht der Forderung einer Einschl\u00e4ferung. \u00c2\u00a0\u00c4rzte sehen keinen Grund Schnute einzuschl\u00e4fern,<\/p>\n<p>die 34 j\u00e4hrige B\u00e4rin Schnute\u00c2\u00a0verh\u00e4lt sich altersgem\u00e4\u00df.\u00c2\u00a0Das ist doch eine gute Nachricht.<\/p>\nngg_shortcode_0_placeholder\n","protected":false},"excerpt":{"rendered":"<p>Es geht es ihr altersgem\u00e4\u00df gut<\/p>\n","protected":false},"author":3,"featured_media":0,"comment_status":"closed","ping_status":"open","sticky":false,"template":"","format":"standard","meta":{"ngg_post_thumbnail":0,"footnotes":""},"categories":[1,2,36,23,12,56,26,3,47],"tags":[],"class_list":["post-5248","post","type-post","status-publish","format-standard","hentry","category-allgemein","category-barenzwinger","category-berlin-bar","category-berliner-bar","category-fragen_und_antworten","category-jahr-2015","category-schnute","category-topthema","category-wappentier"],"_links":{"self":[{"href":"https:\/\/www.berliner-baerenfreunde.de\/web\/wp-json\/wp\/v2\/posts\/5248","targetHints":{"allow":["GET"]}}],"collection":[{"href":"https:\/\/www.berliner-baerenfreunde.de\/web\/wp-json\/wp\/v2\/posts"}],"about":[{"href":"https:\/\/www.berliner-baerenfreunde.de\/web\/wp-json\/wp\/v2\/types\/post"}],"author":[{"embeddable":true,"href":"https:\/\/www.berliner-baerenfreunde.de\/web\/wp-json\/wp\/v2\/users\/3"}],"replies":[{"embeddable":true,"href":"https:\/\/www.berliner-baerenfreunde.de\/web\/wp-json\/wp\/v2\/comments?post=5248"}],"version-history":[{"count":18,"href":"https:\/\/www.berliner-baerenfreunde.de\/web\/wp-json\/wp\/v2\/posts\/5248\/revisions"}],"predecessor-version":[{"id":5335,"href":"https:\/\/www.berliner-baerenfreunde.de\/web\/wp-json\/wp\/v2\/posts\/5248\/revisions\/5335"}],"wp:attachment":[{"href":"https:\/\/www.berliner-baerenfreunde.de\/web\/wp-json\/wp\/v2\/media?parent=5248"}],"wp:term":[{"taxonomy":"category","embeddable":true,"href":"https:\/\/www.berliner-baerenfreunde.de\/web\/wp-json\/wp\/v2\/categories?post=5248"},{"taxonomy":"post_tag","embeddable":true,"href":"https:\/\/www.berliner-baerenfreunde.de\/web\/wp-json\/wp\/v2\/tags?post=5248"}],"curies":[{"name":"wp","href":"https:\/\/api.w.org\/{rel}","templated":true}]}}