{"id":5338,"date":"2015-09-27T14:25:17","date_gmt":"2015-09-27T12:25:17","guid":{"rendered":"http:\/\/www.berliner-baerenfreunde.de\/web\/?p=5338"},"modified":"2015-09-28T19:20:29","modified_gmt":"2015-09-28T17:20:29","slug":"neuer-holz-baer-auf-dem-spielplatz-im-koellnischen-park-mitte","status":"publish","type":"post","link":"https:\/\/www.berliner-baerenfreunde.de\/web\/neuer-holz-baer-auf-dem-spielplatz-im-koellnischen-park-mitte\/","title":{"rendered":"Neuer Holz-B\u00e4r auf dem Spielplatz im K\u00f6llnischen Park (Mitte)"},"content":{"rendered":"<p>Bildhauer: Christoph Gramberg (geb. 1969)<!--more-->Die Idee in den K\u00f6llnischen Park einen Holz-B\u00e4ren zu setzen stammt von Frau Tielscher, einer Mitarbeiterin des Gr\u00fcnfl\u00e4chenamtes.<br \/>\nDie einzige Vorgabe von Seiten des Landschaftsarchitekten Beissert &amp; Hengge (sie betreuen den Spielplatz) und Frau Tielscher war, dass die Skulptur nicht mehr als ein Meter hoch sein sollte, damit sie den T\u00dcV-Anforderungen eines Spielger\u00e4tes entspricht.<\/p>\n<p>Am Donnerstag, den 17. September 2015 wurde auf dem Spielplatz im K\u00f6llnischen Park ein Holz-B\u00e4r f\u00fcr die Aufstellung vorbereitet.<br \/>\nDer Berliner Bildhauer Christoph Gramberg (geb. 1969) fertigte den B\u00e4ren innerhalb von drei Wochen. Der B\u00e4r entstand aus brandenburgischer Eiche.<br \/>\nIn einem Anh\u00e4nger wurde der liegende B\u00e4r, der zwischen 300kg und 400kg wiegt, in den K\u00f6llnischen Pak gefahren. Dort wurde er f\u00fcr seine Befestigung vorbereitet. Eisenst\u00e4be wurden in Beton gegossen, er muss ja im Alltag seine Standhaftigkeit beweisen. Der B\u00e4r wurde durch eine Vorrichtung hoch gezogen, die Baustelle wurde danach gesichert.<br \/>\nDer Holz-B\u00e4r wurde von den Erwachsenen Besuchern interessiert betrachtet und die Kinder dr\u00fcckten sich ihre Nasen platt, um mehr zu sehen. Aber der Beton musste erst aush\u00e4rten. Am 25. August 2015 wurde die Baustellensicherung entfernt und die Kinder k\u00f6nnen nun auf ihn herumklettern. Das tun sie auch mit viel Freude.<\/p>\n<p>Der B\u00e4r ist:<\/p>\n<p>1,40 Meter lang<br \/>\n0,90 Meter hoch<br \/>\nzwischen 300kg und 400 kg schwer<br \/>\ndie Gesamtkosten betragen 4800\u20ac<\/p>\n<p>Der Berliner Holzbildhauer Christoph Gramberg (geb. 1969) hat an der Wests\u00e4chsischen Hochschule Zwickau &#8211; Fachbereich Angewandte Kunst in Schneeberg studiert. Seit 2001 arbeitet er als Bildhauer. Er arbeitet oftmals in Projekten, die die Kreativit\u00e4t von Kindern f\u00f6rdert.<br \/>\nDie P\u00e4dagogischen Beratungsstelle \u201eGr\u00fcn macht Schule\u201c, der Senatsverwaltung f\u00fcr Bildung, Jugend und Wissenschaft, liegt ihm sehr am Herzen. Es ist eine Beratungsstelle f\u00fcr \u00f6kologische und kindgerechte Schulhofgestaltung.<\/p>\n<p>ngg_shortcode_0_placeholder ngg_shortcode_1_placeholder Unter Leitung von Christoph Gramberg (atelier cg) fand im Gr\u00fcnen Klassenzimmer der Grundschule im Gutspark der Workshop &#8222;Gr\u00fcn macht Schule&#8220; statt. Zwei Modelle entstanden. Jetzt geht es um die konkrete Planung f\u00fcr das n\u00e4chste Schuljahr.<\/p>\n<p>Christoph Gramberg<br \/>\natelier cg<br \/>\nChristoph Gramberg<br \/>\nK.-Niederkirchner-Str. 5<br \/>\n10407 Berlin<\/p>\n<p>Handy 0163 \/ 79 196 97<br \/>\nchristophgramberg@gmx.de<br \/>\nwww.facebook.com\/christoph.gramberg<\/p>\n<p>&nbsp;<\/p>\n<p>Christa Junge<\/p>\n<p>&nbsp;<\/p>\nngg_shortcode_2_placeholder\n","protected":false},"excerpt":{"rendered":"<p>Bildhauer: Christoph Gramberg (geb. 1969)<\/p>\n","protected":false},"author":3,"featured_media":0,"comment_status":"closed","ping_status":"open","sticky":false,"template":"","format":"standard","meta":{"ngg_post_thumbnail":0,"footnotes":""},"categories":[1,36,23,48,12,56,49,52,3,47],"tags":[],"class_list":["post-5338","post","type-post","status-publish","format-standard","hentry","category-allgemein","category-berlin-bar","category-berliner-bar","category-bildhauerin","category-fragen_und_antworten","category-jahr-2015","category-kunstler","category-markische-museum","category-topthema","category-wappentier"],"_links":{"self":[{"href":"https:\/\/www.berliner-baerenfreunde.de\/web\/wp-json\/wp\/v2\/posts\/5338","targetHints":{"allow":["GET"]}}],"collection":[{"href":"https:\/\/www.berliner-baerenfreunde.de\/web\/wp-json\/wp\/v2\/posts"}],"about":[{"href":"https:\/\/www.berliner-baerenfreunde.de\/web\/wp-json\/wp\/v2\/types\/post"}],"author":[{"embeddable":true,"href":"https:\/\/www.berliner-baerenfreunde.de\/web\/wp-json\/wp\/v2\/users\/3"}],"replies":[{"embeddable":true,"href":"https:\/\/www.berliner-baerenfreunde.de\/web\/wp-json\/wp\/v2\/comments?post=5338"}],"version-history":[{"count":18,"href":"https:\/\/www.berliner-baerenfreunde.de\/web\/wp-json\/wp\/v2\/posts\/5338\/revisions"}],"predecessor-version":[{"id":5628,"href":"https:\/\/www.berliner-baerenfreunde.de\/web\/wp-json\/wp\/v2\/posts\/5338\/revisions\/5628"}],"wp:attachment":[{"href":"https:\/\/www.berliner-baerenfreunde.de\/web\/wp-json\/wp\/v2\/media?parent=5338"}],"wp:term":[{"taxonomy":"category","embeddable":true,"href":"https:\/\/www.berliner-baerenfreunde.de\/web\/wp-json\/wp\/v2\/categories?post=5338"},{"taxonomy":"post_tag","embeddable":true,"href":"https:\/\/www.berliner-baerenfreunde.de\/web\/wp-json\/wp\/v2\/tags?post=5338"}],"curies":[{"name":"wp","href":"https:\/\/api.w.org\/{rel}","templated":true}]}}