{"id":6305,"date":"2015-12-12T16:55:19","date_gmt":"2015-12-12T15:55:19","guid":{"rendered":"http:\/\/www.berliner-baerenfreunde.de\/web\/?p=6305"},"modified":"2016-01-23T12:24:29","modified_gmt":"2016-01-23T11:24:29","slug":"berliner-baer-bronze-in-aachen-nordrhein-westfalen","status":"publish","type":"post","link":"https:\/\/www.berliner-baerenfreunde.de\/web\/berliner-baer-bronze-in-aachen-nordrhein-westfalen\/","title":{"rendered":"Berliner B\u00e4r (Bronze) in Aachen \/ Nordrhein-Westfalen"},"content":{"rendered":"<p>von Professor Lutz Brockhaus<!--more-->Der Zahn der Zeit nagte deutlich an den ersten Berliner B\u00e4ren des Berliner Bildhauers Professor Karl Bobeck, der 1964 aufgestellt wurde. Die Natursteinskulptur ist verwittert, Konturen kaum zu erkennen. Ein Arm fehlt. Eine traurige Gestalt und nicht mehr w\u00fcrdig die Stadt Berlin zu repr\u00e4sentieren.<\/p>\n<p>Die Nachrichten hatten vor einiger Zeit auf den Zustand des Berliner Wahrzeichens aufmerksam gemacht. Auch der Vorsitzende des Bundes der Berliner und Freunde Berlins Heinz-Constantin Last f\u00fchlte sich angesprochen und zusammen mit dem Ingenieur Thomas Kempen schritt er zur Tat. Sie wollten das Wahrzeichen der Hauptstadt wieder ansehnlich gestalten. In Aachen mussten Sie nicht lange suchen, sie suchten einen Fachmann. In der Hochschule fand man schnell Professor Lutz Brockhaus, er ist Bildhauer und erkl\u00e4rte sich bereit eine neue B\u00e4renskulptur zu schaffen.<br \/>\nDie geplante Gr\u00f6\u00dfe waren 130 Zentimeter, jetzt werden es 180 Zentimeter und somit einen halben Meter gr\u00f6\u00dfer als der erste Berliner B\u00e4r.<\/p>\n<p>ngg_shortcode_0_placeholder Prof. Lutz Brockhaus, Bildhauer (mit Atelier in Darmstadt) entwarf die neue, 180 Zentimeter hohe B\u00e4renfigur. Der Bronzeguss des von Thomas Kempen finanzierten, neuen Berliner B\u00e4ren in Aachen wurde im Oktober 1998 fertig.<\/p>\n<p>Unklar war zun\u00e4chst, in wessen Besitz sich das Gel\u00e4nde an der Autobahnauffahrt befindet. Die Stadt ging davon aus, das es der Autobahnmeisterei geh\u00f6rt, die meinte es geh\u00f6rt der Stadt. So ist auch, das Gel\u00e4nde geh\u00f6rt der Stadt und die wird auch ihren Beitrag zur Neugestaltung beitragen: Fundament und Sockel werden von ihr gestellt.<br \/>\nIm November stellten zwei st\u00e4dtische Mitarbeiter die Bronzefigur, in blaue Folie eingewickelt, an seinen Platz. Im Dezember 1998 wurde der Berliner B\u00e4r enth\u00fcllt und offiziell an die Stadt Aachen \u00fcbergeben.<\/p>\n<p>&nbsp;<\/p>\n<p>Quelle<\/p>\n<p>Zentralarchiv<br \/>\nAachener Nachrichten 24.06.1998, 20.11.1998<\/p>\n","protected":false},"excerpt":{"rendered":"<p>von Professor Lutz Brockhaus<\/p>\n","protected":false},"author":3,"featured_media":0,"comment_status":"closed","ping_status":"open","sticky":false,"template":"","format":"standard","meta":{"ngg_post_thumbnail":0,"footnotes":""},"categories":[1,36,23,59,12,56,49,3,47],"tags":[],"class_list":["post-6305","post","type-post","status-publish","format-standard","hentry","category-allgemein","category-berlin-bar","category-berliner-bar","category-bildhauer","category-fragen_und_antworten","category-jahr-2015","category-kunstler","category-topthema","category-wappentier"],"_links":{"self":[{"href":"https:\/\/www.berliner-baerenfreunde.de\/web\/wp-json\/wp\/v2\/posts\/6305","targetHints":{"allow":["GET"]}}],"collection":[{"href":"https:\/\/www.berliner-baerenfreunde.de\/web\/wp-json\/wp\/v2\/posts"}],"about":[{"href":"https:\/\/www.berliner-baerenfreunde.de\/web\/wp-json\/wp\/v2\/types\/post"}],"author":[{"embeddable":true,"href":"https:\/\/www.berliner-baerenfreunde.de\/web\/wp-json\/wp\/v2\/users\/3"}],"replies":[{"embeddable":true,"href":"https:\/\/www.berliner-baerenfreunde.de\/web\/wp-json\/wp\/v2\/comments?post=6305"}],"version-history":[{"count":7,"href":"https:\/\/www.berliner-baerenfreunde.de\/web\/wp-json\/wp\/v2\/posts\/6305\/revisions"}],"predecessor-version":[{"id":6629,"href":"https:\/\/www.berliner-baerenfreunde.de\/web\/wp-json\/wp\/v2\/posts\/6305\/revisions\/6629"}],"wp:attachment":[{"href":"https:\/\/www.berliner-baerenfreunde.de\/web\/wp-json\/wp\/v2\/media?parent=6305"}],"wp:term":[{"taxonomy":"category","embeddable":true,"href":"https:\/\/www.berliner-baerenfreunde.de\/web\/wp-json\/wp\/v2\/categories?post=6305"},{"taxonomy":"post_tag","embeddable":true,"href":"https:\/\/www.berliner-baerenfreunde.de\/web\/wp-json\/wp\/v2\/tags?post=6305"}],"curies":[{"name":"wp","href":"https:\/\/api.w.org\/{rel}","templated":true}]}}