{"id":661,"date":"2010-01-07T20:16:58","date_gmt":"2010-01-07T19:16:58","guid":{"rendered":"http:\/\/www.berliner-baerenfreunde.de\/web\/?p=661"},"modified":"2010-01-25T19:44:31","modified_gmt":"2010-01-25T18:44:31","slug":"wichtiger-hinweis-barengeburtstage-im-januar","status":"publish","type":"post","link":"https:\/\/www.berliner-baerenfreunde.de\/web\/wichtiger-hinweis-barengeburtstage-im-januar\/","title":{"rendered":"Wichtiger Hinweis: B\u00e4rengeburtstage im Januar"},"content":{"rendered":"<p>Wegen der Winterruhe gibt es zu den Geburtstagen der beiden B\u00e4ren keine offiziellen Veranstaltungen.<!--more-->Sehr geehrte Besucher des B\u00e4renzwingers<br \/>\nund Fans der Berliner B\u00e4ren,<\/p>\n<p>am 14. &amp; 18. Januar 2010 werden wir auf Grund der festen  Winterruhe der B\u00e4rendamen Maxi und Schnute keine offiziellen  Veranstaltungen zu den Geburtstagen der beiden B\u00e4rendamen durchf\u00fchren.<\/p>\n<ul>\n<li>Am Donnerstag, den 14. Januar 2010 wird Maxi 24. Jahre alt.<\/li>\n<\/ul>\n<ul>\n<li>Am Montag, den 18. Januar 2010 wird Schnute 29. Jahre alt.<\/li>\n<\/ul>\n<ul>\n<li>Wir erinnern gleichzeitig an unseren verstorbenen Stadtb\u00e4ren Tilo. Er  w\u00e4re am 8. Januar 2010 20 Jahre alt geworden.<\/li>\n<\/ul>\n<p>Wir freuen uns auch im Jahr 2010 auf Ihren Besuch am B\u00e4renzwinger.<\/p>\n<p><em>Berliner B\u00e4renfreunde e.V.<\/em><\/p>\n","protected":false},"excerpt":{"rendered":"<p>Wegen der Winterruhe gibt es zu den Geburtstagen der beiden B\u00e4ren keine offiziellen Veranstaltungen.<\/p>\n","protected":false},"author":1,"featured_media":0,"comment_status":"closed","ping_status":"open","sticky":false,"template":"","format":"standard","meta":{"ngg_post_thumbnail":0,"footnotes":""},"categories":[2,27],"tags":[],"class_list":["post-661","post","type-post","status-publish","format-standard","hentry","category-barenzwinger","category-jahr-2010"],"_links":{"self":[{"href":"https:\/\/www.berliner-baerenfreunde.de\/web\/wp-json\/wp\/v2\/posts\/661","targetHints":{"allow":["GET"]}}],"collection":[{"href":"https:\/\/www.berliner-baerenfreunde.de\/web\/wp-json\/wp\/v2\/posts"}],"about":[{"href":"https:\/\/www.berliner-baerenfreunde.de\/web\/wp-json\/wp\/v2\/types\/post"}],"author":[{"embeddable":true,"href":"https:\/\/www.berliner-baerenfreunde.de\/web\/wp-json\/wp\/v2\/users\/1"}],"replies":[{"embeddable":true,"href":"https:\/\/www.berliner-baerenfreunde.de\/web\/wp-json\/wp\/v2\/comments?post=661"}],"version-history":[{"count":4,"href":"https:\/\/www.berliner-baerenfreunde.de\/web\/wp-json\/wp\/v2\/posts\/661\/revisions"}],"predecessor-version":[{"id":670,"href":"https:\/\/www.berliner-baerenfreunde.de\/web\/wp-json\/wp\/v2\/posts\/661\/revisions\/670"}],"wp:attachment":[{"href":"https:\/\/www.berliner-baerenfreunde.de\/web\/wp-json\/wp\/v2\/media?parent=661"}],"wp:term":[{"taxonomy":"category","embeddable":true,"href":"https:\/\/www.berliner-baerenfreunde.de\/web\/wp-json\/wp\/v2\/categories?post=661"},{"taxonomy":"post_tag","embeddable":true,"href":"https:\/\/www.berliner-baerenfreunde.de\/web\/wp-json\/wp\/v2\/tags?post=661"}],"curies":[{"name":"wp","href":"https:\/\/api.w.org\/{rel}","templated":true}]}}