{"id":6711,"date":"2016-02-23T11:06:05","date_gmt":"2016-02-23T10:06:05","guid":{"rendered":"http:\/\/www.berliner-baerenfreunde.de\/web\/?p=6711"},"modified":"2016-11-05T12:50:18","modified_gmt":"2016-11-05T11:50:18","slug":"berliner-baer-in-letmathe-stadt-iserlohn-nordrhein-westfalen","status":"publish","type":"post","link":"https:\/\/www.berliner-baerenfreunde.de\/web\/berliner-baer-in-letmathe-stadt-iserlohn-nordrhein-westfalen\/","title":{"rendered":"Berliner B\u00e4r in Letmathe, Stadt Iserlohn \/ Nordrhein-Westfalen"},"content":{"rendered":"<p>am Eingang zum Volksgarten<\/p>\n<p><!--more--><\/p>\n<p>Ein Berliner B\u00e4r als Symbol f\u00fcr die Deutsche Einheit.<\/p>\n<p>ngg_shortcode_0_placeholderIn den 60 Jahren wurde der Berliner B\u00e4r durch das \u201eKuratorium unteilbares Deutschland\u201c, das in Letmathe 12 Mitglieder umfasste, initiiert.\u00c2\u00a0Stadtdirektor Hermann Scho\u00dfier und Herbert Bohland zusammen mit dem sp\u00e4teren Letmather\u00c2\u00a0VHS-Leiter Kurt E. Becker, er kam aus der geteilten Stadt und holte die \u201eBerliner Luft\u201c nach Letmathe. \u00dcber mehrere Jahre organsierten sie Fahrten nach Berlin luden Berliner (Heim)Kinder von Reinickendorf ein, Urlaub auf dem \u201eLand\u201c zu machen, um der Hektik der Stadt zu entfliehen. Untergebracht wurden die Kinder unter anderem im SGV-Heim oder in der Jugendherberge B\u00fcrenbruch. \u00dcber mehrere Jahrzehnte wurden Kinder aus dem Berliner Stadtteil Reinickendorf in Letmathe betreut. Um dieses Engagement der Letmather zu w\u00fcrdigen wurde eine Stra\u00dfe in Reinickendorf zum \u201eLetmather Weg\u201c und seitdem gibt es einen \u201eReinickendorfer Weg\u201c und eine \u201eBerliner Allee\u201c in Letmathe. Gekr\u00f6nt wurde die Verbindung jedoch mit der Aufstellung des Berliner B\u00e4ren an der Berliner Allee.<br \/>\nMit Vortr\u00e4gen und Basaren sollten die Menschen in der DDR unterst\u00fctzt und das Bewusstsein eines einheitlichen Deutschlands aufrechterhalten werden.<\/p>\n<p>1971, ein Dreivierteljahr lang stand die steinerne Skulptur als trauriger Torso ohne Arme und Ohren da, nachdem unbekannte Raudies dem B\u00e4ren arg zugesetzt haben. Ein offenbar k\u00fcnstlerischer begabter Mitarbeiter des St\u00e4dtischen Bauhofes hat nun mit Hilfe eines Spezialm\u00f6rtels die noch vorhandenen Bruchst\u00fccke an den Berliner B\u00e4ren gekittet und die fehlenden Teile modelliert. Seit Januar steht er wieder in altem Glanz an seinem angestammten Platz.<br \/>\n2005, ein Berliner B\u00e4r aus Stein symbolisiert am Eingang des Volksgartens die Verbundenheit der Letmather mit den Menschen aus dem \u00f6stlichen Teil Deutschlands. Seit einiger Zeit ist Deutschland wiedervereint, aber der Sockel auf dem er stand ist leer. In den letzten Jahren fiel der Berliner B\u00e4r immer wieder dem Vandalismus zum Opfer.<br \/>\nInzwischen wurde er originaltreu restauriert. Seitdem steht die Skulptur auf dem Baubetriebshof in Iserlohn auf dem Fensterbrett. Der B\u00e4r soll wieder aufgestellt werden, aber lieber ein B\u00e4r aus Metall, als einer aus Beton. Ein Angebot den B\u00e4ren mit einem sch\u00fctzenden Metallmantel zu umgeben, gab es schon, aber die Firma existiert nicht mehr. Die Nachfolgefirma spendete den Berliner B\u00e4ren. 2005, Mitarbeiter der Gie\u00dferei Sch\u00fctte-Meyer stellten einen neuen B\u00e4ren aus Stahlguss her, rechtzeitig zur 100 Jahr-Feier des Heimatvereins wurde er fertig. Er wiegt 300 Kilo.<\/p>\n<p>Der Berliner B\u00e4r wird gehegt und gepflegt, aber es gibt nur wenige Unterlagen und Informationen zu ihm.<\/p>\n<p>Wer kann uns Informationen zu dem Berliner B\u00e4ren geben? Wer kennt das\u00c2\u00a0genaue Datum, wann der Berliner B\u00e4r aufgestellt wurde? Welcher Berliner Politiker war bei der Einweihung dabei Sollten Sie noch Fotos von der Einweihung haben haben, w\u00fcrden wir uns \u00fcber eine Kopie freuen.<\/p>\n<p>Quelle<br \/>\n930121 Iserlohner Kreisanzeiger, Der Berliner B\u00e4r<br \/>\n951124 Westf\u00e4lische Rundschau, Oft zerst\u00f6rt- Berliner B\u00e4r fristet Dasein auf einem Fensterbrett<br \/>\n050609 Iserlohner Kreisanzeiger, Silbern und gl\u00e4nzend gr\u00fc\u00dft der neue B\u00e4r<\/p>\n","protected":false},"excerpt":{"rendered":"<p>am Eingang zum Volksgarten<\/p>\n","protected":false},"author":3,"featured_media":0,"comment_status":"closed","ping_status":"open","sticky":false,"template":"","format":"standard","meta":{"ngg_post_thumbnail":0,"footnotes":""},"categories":[1,36,23,55,33,59,12,96,49,3,47],"tags":[],"class_list":["post-6711","post","type-post","status-publish","format-standard","hentry","category-allgemein","category-berlin-bar","category-berliner-bar","category-berliner-mauer","category-berliner-meilensteine","category-bildhauer","category-fragen_und_antworten","category-jahr-2016","category-kunstler","category-topthema","category-wappentier"],"_links":{"self":[{"href":"https:\/\/www.berliner-baerenfreunde.de\/web\/wp-json\/wp\/v2\/posts\/6711","targetHints":{"allow":["GET"]}}],"collection":[{"href":"https:\/\/www.berliner-baerenfreunde.de\/web\/wp-json\/wp\/v2\/posts"}],"about":[{"href":"https:\/\/www.berliner-baerenfreunde.de\/web\/wp-json\/wp\/v2\/types\/post"}],"author":[{"embeddable":true,"href":"https:\/\/www.berliner-baerenfreunde.de\/web\/wp-json\/wp\/v2\/users\/3"}],"replies":[{"embeddable":true,"href":"https:\/\/www.berliner-baerenfreunde.de\/web\/wp-json\/wp\/v2\/comments?post=6711"}],"version-history":[{"count":10,"href":"https:\/\/www.berliner-baerenfreunde.de\/web\/wp-json\/wp\/v2\/posts\/6711\/revisions"}],"predecessor-version":[{"id":6737,"href":"https:\/\/www.berliner-baerenfreunde.de\/web\/wp-json\/wp\/v2\/posts\/6711\/revisions\/6737"}],"wp:attachment":[{"href":"https:\/\/www.berliner-baerenfreunde.de\/web\/wp-json\/wp\/v2\/media?parent=6711"}],"wp:term":[{"taxonomy":"category","embeddable":true,"href":"https:\/\/www.berliner-baerenfreunde.de\/web\/wp-json\/wp\/v2\/categories?post=6711"},{"taxonomy":"post_tag","embeddable":true,"href":"https:\/\/www.berliner-baerenfreunde.de\/web\/wp-json\/wp\/v2\/tags?post=6711"}],"curies":[{"name":"wp","href":"https:\/\/api.w.org\/{rel}","templated":true}]}}