{"id":6949,"date":"2016-05-31T23:39:17","date_gmt":"2016-05-31T21:39:17","guid":{"rendered":"http:\/\/www.berliner-baerenfreunde.de\/web\/?p=6949"},"modified":"2016-11-05T12:49:32","modified_gmt":"2016-11-05T11:49:32","slug":"berliner-baer-in-schwalbach-mit-griesborn-saarland-mit-sockelinschrift-berlin","status":"publish","type":"post","link":"https:\/\/www.berliner-baerenfreunde.de\/web\/berliner-baer-in-schwalbach-mit-griesborn-saarland-mit-sockelinschrift-berlin\/","title":{"rendered":"Berliner B\u00e4r in Schwalbach mit Griesborn \/ Saarland mit Sockelinschrift BERLIN"},"content":{"rendered":"<p>B\u00e4r vermutlich von Steinmetz Ernst Gier aus Bous<\/p>\n<p><!--more--><\/p>\n<p>ngg_shortcode_0_placeholderGemeindesaalbau Schwalbach mit Berliner B\u00e4r, Gem\u00e4lde des Saarbr\u00fccker K\u00fcnstlers Fritz Ludwig Schmidt von 1965<\/p>\n<p>&nbsp;<\/p>\n<p>W\u00e4hrend der Zeit der Teilung Deutschlands und Berlins, insbesondere nach dem Bau der Berliner Mauer im August 1961, stellten viele St\u00e4dte und Gemeinden in Westdeutschland einen Berliner B\u00e4r oder &#8211; Meilenstein auf. Sie sind Symbol der Solidarit\u00e4t mit der geteilten Stadt Berlin, deren Wappentier der B\u00e4r ist. Am 13. August 1961, anl\u00e4sslich des Mauerbaues in Berlin wurde unter dem damaligen B\u00fcrgermeister Dr. Nikolaus Fery im Rahmen der Einweihung des Brunnens am Gemeindesaalbau Schwalbach im September 1961 der \u201eBerliner B\u00e4r\u201c aufgestellt. ngg_shortcode_1_placeholder Bei der Einweihung im September 1961 war kein Politiker aus Berlin anwesend.<\/p>\n<p>Auszug aus dem Lokalanzeiger Schwalbach-Griesborn vom 23. September 1961:<br \/>\n\u201eAus all diesen Anl\u00e4ssen hat die Gemeinde als Wappentier der Stadt Berlin, den B\u00e4ren, in Stein hauen und in den Anlagen um den Gemeindesaalbau aufstellen lassen. Er soll uns immerdar an das Los der schicksalhaften Stadt erinnern und unsere Verbundenheit mit ihr sinnvoll zum Ausdruck bringen. Berlin und alle seine Einwohner sollen und m\u00fcssen uns diese Verbundenheit wert sein.<br \/>\nM\u00f6ge es den Politikern gelingen, dass eine f\u00fcr uns befriedigende L\u00f6sung des Berliner Problems in den bevorstehenden Verhandlungen erreicht wird und dass Berlin wieder der eins die Funktionen der Hauptstadt Deutschlands in einem freien, friedlich vereinten deutschen Vaterland \u00fcbernehmen kann.\u201c<\/p>\n<p>Im Zuge der Umgestaltung des Ortszentrums und der Verlegung der Vier-Winde-Stra\u00dfe wurde der Berliner B\u00e4r mit Fundament ausgehoben und im Bauhof zur Verwahrung eingelagert. Nachdem die Gestaltungsarbeiten um den Geb\u00e4udekomplex Rathaus und Gemeindesaalbau abgeschlossen sind, wurde der Berliner B\u00e4r rechtzeitig zum 50. Jahrestag des Mauerbaus am neuen Standort und mit Blickrichtung auf die Bundeshauptstadt wieder aufgestellt. ngg_shortcode_2_placeholder<\/p>\n<p>Gestaltet wurde der B\u00e4r vermutlich von Steinmetz Ernst Gier aus Bous. Das Material ist gelber Sandstein. Der Berliner B\u00e4r ist mit Sockel 1,65 m und ohne Sockel 1,30 m hoch. Am Sockel des Berliner B\u00e4ren ist seitlich die Inschrift BERLIN zu erkennen. F\u00fcr die Pflege des Berliner B\u00e4ren ist die Gemeindeverwaltung Schwalbach zust\u00e4ndig.<\/p>\n<p>Quelle: Gemeinde Schwalbach<\/p>\n","protected":false},"excerpt":{"rendered":"<p>B\u00e4r vermutlich von Steinmetz Ernst Gier aus Bous<\/p>\n","protected":false},"author":3,"featured_media":0,"comment_status":"closed","ping_status":"open","sticky":false,"template":"","format":"standard","meta":{"ngg_post_thumbnail":0,"footnotes":""},"categories":[1,36,23,59,12,96,49,3,47],"tags":[],"class_list":["post-6949","post","type-post","status-publish","format-standard","hentry","category-allgemein","category-berlin-bar","category-berliner-bar","category-bildhauer","category-fragen_und_antworten","category-jahr-2016","category-kunstler","category-topthema","category-wappentier"],"_links":{"self":[{"href":"https:\/\/www.berliner-baerenfreunde.de\/web\/wp-json\/wp\/v2\/posts\/6949","targetHints":{"allow":["GET"]}}],"collection":[{"href":"https:\/\/www.berliner-baerenfreunde.de\/web\/wp-json\/wp\/v2\/posts"}],"about":[{"href":"https:\/\/www.berliner-baerenfreunde.de\/web\/wp-json\/wp\/v2\/types\/post"}],"author":[{"embeddable":true,"href":"https:\/\/www.berliner-baerenfreunde.de\/web\/wp-json\/wp\/v2\/users\/3"}],"replies":[{"embeddable":true,"href":"https:\/\/www.berliner-baerenfreunde.de\/web\/wp-json\/wp\/v2\/comments?post=6949"}],"version-history":[{"count":17,"href":"https:\/\/www.berliner-baerenfreunde.de\/web\/wp-json\/wp\/v2\/posts\/6949\/revisions"}],"predecessor-version":[{"id":7012,"href":"https:\/\/www.berliner-baerenfreunde.de\/web\/wp-json\/wp\/v2\/posts\/6949\/revisions\/7012"}],"wp:attachment":[{"href":"https:\/\/www.berliner-baerenfreunde.de\/web\/wp-json\/wp\/v2\/media?parent=6949"}],"wp:term":[{"taxonomy":"category","embeddable":true,"href":"https:\/\/www.berliner-baerenfreunde.de\/web\/wp-json\/wp\/v2\/categories?post=6949"},{"taxonomy":"post_tag","embeddable":true,"href":"https:\/\/www.berliner-baerenfreunde.de\/web\/wp-json\/wp\/v2\/tags?post=6949"}],"curies":[{"name":"wp","href":"https:\/\/api.w.org\/{rel}","templated":true}]}}