{"id":7191,"date":"2016-06-06T12:51:13","date_gmt":"2016-06-06T10:51:13","guid":{"rendered":"http:\/\/www.berliner-baerenfreunde.de\/web\/?p=7191"},"modified":"2016-11-05T12:48:22","modified_gmt":"2016-11-05T11:48:22","slug":"berlin-fasanenstrasse-kuenstlerhauses-st-lukas","status":"publish","type":"post","link":"https:\/\/www.berliner-baerenfreunde.de\/web\/berlin-fasanenstrasse-kuenstlerhauses-st-lukas\/","title":{"rendered":"Berlin Fasanenstra\u00dfe, K\u00fcnstlerhauses St. Lukas,"},"content":{"rendered":"<p>Berliner B\u00e4ren Skulpturen tummeln sich im Haus<\/p>\n<p><!--more--><\/p>\n<p>Berliner B\u00e4ren Skulpturen tummeln sich im Haus<\/p>\n<p>ngg_shortcode_0_placeholderDas Haus wurde von 1889-1890 durch den Architekten Bernhard Sehring (1855-1941) als Wohn- und Atelierhaus unter dem Einfluss der englischen \u201cStudio Houses\u00e2\u20ac\u009d erbaut. Die Innenr\u00e4ume wurden mit Gem\u00e4lden und kunstgewerblichen Gegenst\u00e4nden aus Italien ausgeschm\u00fcckt. Das Haus ist ein herausragendes Beispiel f\u00fcr den Historismus der Jahrhundertwende. Durch das gro\u00dfe schmiedeeiserne Tor sieht man nur einen Teil der m\u00e4chtigen Anlage, die um einen efeuberankten Brunnenhof angelegt wurde. Das burgartige Geb\u00e4ude aus Rathenower Ziegeln mit teilweise zweigeschossigen Wohnungen wird durch Erker, Zinnen, T\u00fcrmchen und Balkone mit B\u00e4ren geschm\u00fcckt. Er errichtete im Erdgeschoss Bildhauerateliers und unter dem Dach Malerwerkst\u00e4tten ein. Auf einem Wandrelief im malerischen Brunnenhof sieht man ihn in Ritterr\u00fcstung mit dem Modell des K\u00fcnstlerhauses in der Hand. Neben dem Eingangstor ist der greise Maler Tizian zu sehen.<\/p>\n<p>Namensgeber ist der Heilige Lukas, Schutzpatron der Maler und \u00c4rzte.<br \/>\nZu den K\u00fcnstlern, die seinerzeit hier einzogen, geh\u00f6rten Sehring selbst, der Bildhauer Max Kruse und seine Frau K\u00e4the Kruse, die als Puppenmacherin ber\u00fchmt wurde, der Bildhauer Ludwig Manzel, der von 1912 bis 1918 Pr\u00e4sident der Kunstakademie war, Ernst Barlach, Milly Steger und viele andere K\u00fcnstlerinnen und K\u00fcnstler.<\/p>\n<p>Die Besitzerin Anni J\u00e4nisch lie\u00df das Haus 1987 restaurieren und wurde mit der Ferdinand-von-Quast-Medaille f\u00fcr vorbildliche denkmalgerechte Instandsetzung ausgezeichnet. Ihr Gro\u00dfvater war seit 1902 Verwalter des K\u00fcnstlerhauses.1923 hatte ihr Gro\u00dfvater den 1989 von Bernhard Sehring &#8211; auch Architekt des Theaters des Westens &#8211; erbauten Komplex erstanden. 1956 \u00fcbernahm Sie das Haus in dritter Generation. Heute, geh\u00f6rt zum Beispiel der Chefrestaurator vom Bode-Museum zu den Mietern dieser kleinen Burg.<br \/>\nWirklich leben, dass d\u00fcrfen hier nur K\u00fcnstler, wenn gleich dieser Begriff weit ausgelegt wird. Sechs Ateliers sind noch in Betrieb. &#8222;Sympathisch&#8220; m\u00fcssen potenzielle Mitbewohner unbedingt sein, denn &#8222;wer hier wohnt, zieht nicht wieder aus&#8220;, wei\u00df Anni J\u00e4nisch.<\/p>\n<p>ngg_shortcode_1_placeholderNat\u00fcrlich steht alles hier unter Denkmalschutz, man sieht es etwa im steinernen Treppenhaus. Um den Originalzustand der Wandmalereien zu dokumentieren, wurden kleinere Stellen bei der Restaurierung ausgespart. Familie J\u00e4nisch hatte Gl\u00fcck, trotz Bombensch\u00e4den konnte vieles erhalten bleiben.<\/p>\n<p>Quelle<br \/>\nBerlin.de<\/p>\n","protected":false},"excerpt":{"rendered":"<p>Berliner B\u00e4ren Skulpturen tummeln sich im Haus<\/p>\n","protected":false},"author":3,"featured_media":0,"comment_status":"closed","ping_status":"open","sticky":false,"template":"","format":"standard","meta":{"ngg_post_thumbnail":0,"footnotes":""},"categories":[1,23,59,12,96,49,3,47],"tags":[],"class_list":["post-7191","post","type-post","status-publish","format-standard","hentry","category-allgemein","category-berliner-bar","category-bildhauer","category-fragen_und_antworten","category-jahr-2016","category-kunstler","category-topthema","category-wappentier"],"_links":{"self":[{"href":"https:\/\/www.berliner-baerenfreunde.de\/web\/wp-json\/wp\/v2\/posts\/7191","targetHints":{"allow":["GET"]}}],"collection":[{"href":"https:\/\/www.berliner-baerenfreunde.de\/web\/wp-json\/wp\/v2\/posts"}],"about":[{"href":"https:\/\/www.berliner-baerenfreunde.de\/web\/wp-json\/wp\/v2\/types\/post"}],"author":[{"embeddable":true,"href":"https:\/\/www.berliner-baerenfreunde.de\/web\/wp-json\/wp\/v2\/users\/3"}],"replies":[{"embeddable":true,"href":"https:\/\/www.berliner-baerenfreunde.de\/web\/wp-json\/wp\/v2\/comments?post=7191"}],"version-history":[{"count":4,"href":"https:\/\/www.berliner-baerenfreunde.de\/web\/wp-json\/wp\/v2\/posts\/7191\/revisions"}],"predecessor-version":[{"id":7228,"href":"https:\/\/www.berliner-baerenfreunde.de\/web\/wp-json\/wp\/v2\/posts\/7191\/revisions\/7228"}],"wp:attachment":[{"href":"https:\/\/www.berliner-baerenfreunde.de\/web\/wp-json\/wp\/v2\/media?parent=7191"}],"wp:term":[{"taxonomy":"category","embeddable":true,"href":"https:\/\/www.berliner-baerenfreunde.de\/web\/wp-json\/wp\/v2\/categories?post=7191"},{"taxonomy":"post_tag","embeddable":true,"href":"https:\/\/www.berliner-baerenfreunde.de\/web\/wp-json\/wp\/v2\/tags?post=7191"}],"curies":[{"name":"wp","href":"https:\/\/api.w.org\/{rel}","templated":true}]}}