{"id":8261,"date":"2016-11-15T18:08:23","date_gmt":"2016-11-15T17:08:23","guid":{"rendered":"http:\/\/www.berliner-baerenfreunde.de\/web\/?p=8261"},"modified":"2016-11-15T19:23:19","modified_gmt":"2016-11-15T18:23:19","slug":"gummersbacher-hepel-berliner-baer","status":"publish","type":"post","link":"https:\/\/www.berliner-baerenfreunde.de\/web\/gummersbacher-hepel-berliner-baer\/","title":{"rendered":"Gummersbacher Hepel,  Berliner B\u00e4r"},"content":{"rendered":"<p>Volkszeitung, Bergische Landzeitung, K\u00f6lnische Rundschau, 19. Oktober 2016<!--more--><br \/>\n<strong>Gummersbacher Hepel<\/strong><\/p>\n<h2>Bekommt der Berliner B\u00e4r wieder Tatzen?<\/h2>\n<p><em>Von Andreas Arnold<\/em><\/p>\nngg_shortcode_0_placeholder\n<p>&nbsp;<strong>Gummersbach &#8211;<\/strong><\/p>\n<p>Der 1962 auf dem Gummersbacher Hepel enth\u00fcllte Berliner B\u00e4r ist mit Beschluss des Bauausschusses in die Denkmalliste der Stadt eingetragen worden (wir berichteten). Doch wie es jetzt weiter mit dem Erinnerungsmal?<\/p>\n<p>Dass der Zahn der Zeit Spuren hinterlassen hat, ist unschwer zu erkennen. So sind beispielsweise die beiden Tatzen, die der B\u00e4r ehedem hatte, nicht mehr vorhanden. Ob diese ersetzt werden k\u00f6nnen, auch dar\u00fcber will B\u00fcrgermeister Frank Helmenstein bei einem m\u00f6glichst zeitnahen Treffen mit dem LVR-Amt f\u00fcr Denkmalpflege im Rheinland sprechen. \u201eDie Experten dort sind auf so etwas spezialisiert\u201c, sagt der B\u00fcrgermeister.<\/p>\n<p>In der Vergangenheit hatte er einen hiesigen Steinmetz um Rat gefragt, wie man am besten mit dem verwitterten Beton der Skulptur umgehen kann, um diese vor dem Verfall zu retten. Und die Antwort war ern\u00fcchternd: \u201eIn den Augen des Steinmetzes ist der B\u00e4r kaum noch zu retten. Der Beton der Skulptur ist offenbar schon sehr stark verwittert\u201c, erl\u00e4utert der Rathauschef.<\/p>\n<p>Nun hofft er, dass die Denkmalsch\u00fctzer des LVR Methoden kennen, wie der B\u00e4r doch noch der Nachwelt erhalten werden kann. \u201eAllerdings wird es in dem Prozess auch um die Frage gehen, in welchem Zustand die Skulptur unter denkmalpflegerischer Sicht erhalten werden kann.\u201c Helmenstein schlie\u00dft nicht aus, dass das Rheinische Amt f\u00fcr Denkmalpflege den B\u00e4ren in seiner jetzigen Form restaurieren m\u00f6chte &#8211; also ohne die beiden Tatzen.<\/p>\n<p>Er macht indes keinen Hehl daraus, dass er pers\u00f6nlich ein anderes Vorgehen favorisiert. \u201eIch f\u00e4nde es sch\u00f6n, wenn der B\u00e4r in den Zustand von 1962 versetzt w\u00fcrde.\u201c Auf jeden Fall sei es wichtig, dieses Erinnerungsmal zu erhalten. Und aus den Reaktionen, die er erhalten habe, nachdem der Bauausschuss den B\u00e4ren in die Denkmalliste aufgenommen habe, k\u00f6nne er nur schlie\u00dfen, dass diese Skulptur auch f\u00fcr eine Identifikation der Bev\u00f6lkerung mit ihrem Wohnort sorge, sagt Helmenstein.<\/p>\n<p><strong>Manifestierte Solidarit\u00e4t<\/strong><\/p>\n<p>F\u00fcr die Denkmalsch\u00fctzer ist der B\u00e4r ein \u201eanschauliches und gut erhaltenes Beispiel der in Stein manifestierten Solidarit\u00e4tsbekundungen bundesrepublikanischer St\u00e4dte und Gemeinden gegen\u00fcber Berlin und den B\u00fcrgern der DDR und hier\u00fcber ein bedeutendes Zeugnis f\u00fcr die Geschichte des Menschen und der Stadt Gummersbach\u201c.<\/p>\n<p><strong>Quelle:<\/strong> K\u00f6lner Stadt-Anzeiger, K\u00f6lnische Rundschau (19. Oktober 2016)<\/p>\n<p><a href=\"http:\/\/www.rundschau-online.de\/region\/oberberg\/gummersbach\/gummersbacher-hepel-bekommt-der-berliner-baer-wieder-tatzen--24943142\" target=\"_blank\">http:\/\/www.rundschau-online.de\/region\/oberberg\/gummersbach\/gummersbacher-hepel-bekommt-der-berliner-baer-wieder-tatzen&#8211;24943142<\/a><\/p>\n","protected":false},"excerpt":{"rendered":"<p>Volkszeitung, Bergische Landzeitung, K\u00f6lnische Rundschau, 19. Oktober 2016<\/p>\n","protected":false},"author":3,"featured_media":0,"comment_status":"closed","ping_status":"open","sticky":false,"template":"","format":"standard","meta":{"ngg_post_thumbnail":0,"footnotes":""},"categories":[1,36,23,59,12,100,96,49,98,3,47],"tags":[99],"class_list":["post-8261","post","type-post","status-publish","format-standard","hentry","category-allgemein","category-berlin-bar","category-berliner-bar","category-bildhauer","category-fragen_und_antworten","category-gummersbach","category-jahr-2016","category-kunstler","category-nordrhein-westfalen","category-topthema","category-wappentier","tag-gummersbach"],"_links":{"self":[{"href":"https:\/\/www.berliner-baerenfreunde.de\/web\/wp-json\/wp\/v2\/posts\/8261","targetHints":{"allow":["GET"]}}],"collection":[{"href":"https:\/\/www.berliner-baerenfreunde.de\/web\/wp-json\/wp\/v2\/posts"}],"about":[{"href":"https:\/\/www.berliner-baerenfreunde.de\/web\/wp-json\/wp\/v2\/types\/post"}],"author":[{"embeddable":true,"href":"https:\/\/www.berliner-baerenfreunde.de\/web\/wp-json\/wp\/v2\/users\/3"}],"replies":[{"embeddable":true,"href":"https:\/\/www.berliner-baerenfreunde.de\/web\/wp-json\/wp\/v2\/comments?post=8261"}],"version-history":[{"count":13,"href":"https:\/\/www.berliner-baerenfreunde.de\/web\/wp-json\/wp\/v2\/posts\/8261\/revisions"}],"predecessor-version":[{"id":8282,"href":"https:\/\/www.berliner-baerenfreunde.de\/web\/wp-json\/wp\/v2\/posts\/8261\/revisions\/8282"}],"wp:attachment":[{"href":"https:\/\/www.berliner-baerenfreunde.de\/web\/wp-json\/wp\/v2\/media?parent=8261"}],"wp:term":[{"taxonomy":"category","embeddable":true,"href":"https:\/\/www.berliner-baerenfreunde.de\/web\/wp-json\/wp\/v2\/categories?post=8261"},{"taxonomy":"post_tag","embeddable":true,"href":"https:\/\/www.berliner-baerenfreunde.de\/web\/wp-json\/wp\/v2\/tags?post=8261"}],"curies":[{"name":"wp","href":"https:\/\/api.w.org\/{rel}","templated":true}]}}