{"id":9084,"date":"2017-05-11T17:38:40","date_gmt":"2017-05-11T15:38:40","guid":{"rendered":"http:\/\/www.berliner-baerenfreunde.de\/web\/?p=9084"},"modified":"2017-05-11T17:38:40","modified_gmt":"2017-05-11T15:38:40","slug":"bauzaun-der-u-bahnlinie-u5-mit-dem-berliner-wappentier","status":"publish","type":"post","link":"https:\/\/www.berliner-baerenfreunde.de\/web\/bauzaun-der-u-bahnlinie-u5-mit-dem-berliner-wappentier\/","title":{"rendered":"Bauzaun der U-Bahnlinie U5 mit dem Berliner Wappentier"},"content":{"rendered":"<p>Der Berliner B\u00e4r am Bauzaun der U5<\/p>\n<p><!--more--><\/p>\n<p>Das Projekt \u201eL\u00fcckenschluss U5\u201c verbindet die U-Bahnlinie U5 (H\u00f6now bis Alexanderplatz) mit der U55 (Brandenburger Tor bis Hauptbahnhof). Der neue Streckenabschnitt wird drei neue Stationen erhalten: \u201eRotes Rathaus\u201c, \u201eMuseumsinsel\u201c und \u201eUnter den Linden\u201c. Baubeginn war im Jahr 2012.ngg_shortcode_0_placeholder<\/p>\n<p>Die Bauarbeiten gehen kontinuierlich voran. Die Tunnelgrabungen und der Rohbau des U-Bahnhofs Rotes Rathaus wurden bereits abgeschlossen. Auch am U-Bahnhof &#8222;Unter den Linden&#8220; geht es noch in diesem Jahr in den Ausbau. Die Inbetriebnahme ist f\u00fcr das Jahr 2020 geplant. Die Kosten f\u00fcr die 2,2 Kilometer lange Strecke und die drei neuen U-Bahnh\u00f6fe betragen 525 Millionen Euro.<\/p>\n<p>Seit Herbst letzten Jahres sieht man in Berlins Mitte die interessanten Motive mit Berliner B\u00e4r am Bauzaun der U5. Sie sind ein echter Hingucker f\u00fcr alle!<\/p>\n<p>Die Gestaltung wurde von der Projektrealisierungs GmbH U5 (PRG U5) mit der Agentur R\u00f6mer, Wildberger 2016 entwickelt und umgesetzt. Die BVG ist zwar Muttergesellschaft der PRG U5, hat aber mit der Gestaltung des Bauzauns im Einzelnen nichts zu tun.<\/p>\n<p>Das Motto des Bauzauns lautet \u201eU5 verbindet&#8220;.<br \/>\nDie Darstellungen sollen zeigen, dass mit der Verl\u00e4ngerung der U5 eine Verbindung hergestellt wird, die die Fahrg\u00e4ste zusammenf\u00fchren wird.<\/p>\n<p>An den Bauz\u00e4unen fahren die U-Bahnen schon heute. Durch die verschiedenen Charaktere m\u00f6chte man auf humorvolle Art und Weise darstellen, wem die U5 sp\u00e4ter zugutekommen wird. Dabei hat man auf eine bunte Mischung geachtet &#8211; so bunt, wie Berlins Mitte eben ist.<\/p>\n<p>In den U-Bahnz\u00fcgen und auf den Informationstafeln, die \u201eHintergleisw\u00e4nden\u201c \u00e4hneln, findet man zahlreiche Informationen zur U5 und den Baustellen des Projekts \u201eL\u00fcckenschluss U5&#8243;.<\/p>\n<p>Der B\u00e4r als Wappentier Berlins wurde gew\u00e4hlt, um darzustellen, dass die U5 auch das politische Berlin &#8211; auf der Landesebene an das \u201eRote Rathaus\u201c anbindet. Das Pendant zum Berliner B\u00e4ren ist der Bundesadler, der f\u00fcr die Anbindung des politischen Berlins auf Bundesebene steht. Schlie\u00dflich h\u00e4lt die U55 bereits am Bahnhof Bundestag.<\/p>\n<p>ngg_shortcode_1_placeholderIn Verbindung mit Estefania, der jungen spanischen Frau, wird symbolisiert, dass die Zuneigung zwischen Berlin und den Touristen aus aller Welt durchaus auf Gegenseitigkeit beruht.<\/p>\n<p>Neue B\u00e4ren gibt es auch im U5-Infowaggon am Nikolaiviertel, Rathausstra\u00dfe zu bewundern: Seit dem 14. April 2017 gibt es hier wieder viele interessante Informationen zum Projekt \u201eL\u00fcckenschluss U5\u201c.<\/p>\n<p>Der Bauzaun des Projekts besteht aus \u00fcber 1.300 einzelnen Platten, sie sind je zwei Meter hoch und er geht \u00fcber eine Fl\u00e4che von 5.300 Quadratmeter. Der Zaun ist sechs Kilometer lang. Abh\u00e4ngig von den Bauphasen muss der Bauzaun immer wieder etwas umgestellt werden. Die gr\u00f6\u00dften Teile stehen dort seit Baubeginn f\u00fcr die U5, also seit 2012.<\/p>\n<p>Der Bauzaun wird zur\u00fcckgesetzt, sobald die Baufl\u00e4chen nicht mehr ben\u00f6tigt werden. Am Brandenburger Tor, am Marx-Engels-Forum und am U-Bahnhof Rotes Rathaus verkleinern sich die Fl\u00e4chen schon in diesem Jahr. Aber ein Gro\u00dfteil der Fl\u00e4chen &#8211; und damit auch die Bauz\u00e4une mit Berliner B\u00e4r &#8211; werden voraussichtlich erst 2020 aus Berlins Mitte verschwinden.<\/p>\n<p>Wer in Berlins Mitte den Bauzaun mit der U-Bahn entdeckt, sollte sich die Zeit nehmen alles genau anzuschauen und nicht nur dort vorbei gehen. Die erz\u00e4hlten Geschichten sollte man nicht verpassen und machen Lust auf mehr\u2026..<\/p>\n<p>Quelle &#8211; Projektrealisierungs GmbH U5<\/p>\n<p>&nbsp;<\/p>\nngg_shortcode_2_placeholder\n","protected":false},"excerpt":{"rendered":"<p>Der Berliner B\u00e4r am Bauzaun der U5<\/p>\n","protected":false},"author":3,"featured_media":0,"comment_status":"closed","ping_status":"open","sticky":false,"template":"","format":"standard","meta":{"ngg_post_thumbnail":0,"footnotes":""},"categories":[1,133,134,23,46,12,107,129,131,114,130,3,132,47],"tags":[],"class_list":["post-9084","post","type-post","status-publish","format-standard","hentry","category-allgemein","category-bauzaun-der-u5","category-berlin-mitte","category-berliner-bar","category-brandenburger-adler","category-fragen_und_antworten","category-jahr-2017","category-lueckenschluss-u5","category-museumsinsel","category-nikolaiviertel","category-rotes-rathaus","category-topthema","category-unter-den-linden","category-wappentier"],"_links":{"self":[{"href":"https:\/\/www.berliner-baerenfreunde.de\/web\/wp-json\/wp\/v2\/posts\/9084","targetHints":{"allow":["GET"]}}],"collection":[{"href":"https:\/\/www.berliner-baerenfreunde.de\/web\/wp-json\/wp\/v2\/posts"}],"about":[{"href":"https:\/\/www.berliner-baerenfreunde.de\/web\/wp-json\/wp\/v2\/types\/post"}],"author":[{"embeddable":true,"href":"https:\/\/www.berliner-baerenfreunde.de\/web\/wp-json\/wp\/v2\/users\/3"}],"replies":[{"embeddable":true,"href":"https:\/\/www.berliner-baerenfreunde.de\/web\/wp-json\/wp\/v2\/comments?post=9084"}],"version-history":[{"count":13,"href":"https:\/\/www.berliner-baerenfreunde.de\/web\/wp-json\/wp\/v2\/posts\/9084\/revisions"}],"predecessor-version":[{"id":15677,"href":"https:\/\/www.berliner-baerenfreunde.de\/web\/wp-json\/wp\/v2\/posts\/9084\/revisions\/15677"}],"wp:attachment":[{"href":"https:\/\/www.berliner-baerenfreunde.de\/web\/wp-json\/wp\/v2\/media?parent=9084"}],"wp:term":[{"taxonomy":"category","embeddable":true,"href":"https:\/\/www.berliner-baerenfreunde.de\/web\/wp-json\/wp\/v2\/categories?post=9084"},{"taxonomy":"post_tag","embeddable":true,"href":"https:\/\/www.berliner-baerenfreunde.de\/web\/wp-json\/wp\/v2\/tags?post=9084"}],"curies":[{"name":"wp","href":"https:\/\/api.w.org\/{rel}","templated":true}]}}